{"id":9530,"date":"2020-07-20T11:22:46","date_gmt":"2020-07-20T11:22:46","guid":{"rendered":"https:\/\/arroyitoonline.com.ar\/?p=9530"},"modified":"2020-07-20T11:22:47","modified_gmt":"2020-07-20T11:22:47","slug":"transito-fallecio-el-acompanante-de-la-moto-que-choco-con-la-camioneta","status":"publish","type":"post","link":"https:\/\/arroyitoonline.com.ar\/?p=9530","title":{"rendered":"Tr\u00e1nsito: falleci\u00f3 el acompa\u00f1ante de la moto que choc\u00f3 con la camioneta"},"content":{"rendered":"\n<p><strong>El joven de 18 a\u00f1os presentaba traumatismo de cr\u00e1neo y hab\u00eda sido trasladado a un nosocomio de C\u00f3rdoba. <\/strong><\/p>\n\n\n\n<p>Anoche falleci\u00f3 el joven de 18 a\u00f1os, que iba como acompa\u00f1ante en la moto Honda Tornado blanca que <a href=\"https:\/\/arroyitoonline.com.ar\/info-online\/policiales-online\/chocaron-una-camioneta-y-una-moto-en-transito-motociclista-y-acompanante-resultaron-con-lesiones-graves\/\" target=\"_blank\" rel=\"noreferrer noopener\">choc\u00f3, el viernes a la noche, con una Toyota Hilux gris<\/a>, en la localidad de Tr\u00e1nsito, sobre la ruta 19.<\/p>\n\n\n\n<p>Se trata de Marcos Patricio Lencinas, quien hab\u00eda sufrido traumatismo de cr\u00e1neo y fue trasladado a un nosocomio de la ciudad de C\u00f3rdoba, desde el Hospital Municipal Carlos J. Rodr\u00edguez, de Arroyito.<\/p>\n\n\n\n<p>Su muerte fue informada por el comisario Insp. Diego Rodr\u00edguez, jefe de Zona de Inspecci\u00f3n N\u00b0 4.<\/p>\n","protected":false},"excerpt":{"rendered":"<p>El joven de 18 a\u00f1os presentaba traumatismo de cr\u00e1neo y hab\u00eda sido trasladado a un nosocomio de C\u00f3rdoba. Anoche falleci\u00f3&hellip;<\/p>\n","protected":false},"author":3,"featured_media":3785,"comment_status":"closed","ping_status":"open","sticky":false,"template":"","format":"standard","meta":{"footnotes":""},"categories":[824],"tags":[66,67,836,191,426,1086,547,572,635,637,638,825,771],"class_list":["post-9530","post","type-post","status-publish","format-standard","has-post-thumbnail","hentry","category-policiales-online","tag-arroyito","tag-arroyito-cordoba","tag-arroyito-online","tag-choque","tag-hospital","tag-moto","tag-motos","tag-noticias-de-arroyito-y-zona","tag-policia","tag-policiales","tag-policiales-arroyito","tag-policiales-online","tag-transito"],"_links":{"self":[{"href":"https:\/\/arroyitoonline.com.ar\/index.php?rest_route=\/wp\/v2\/posts\/9530","targetHints":{"allow":["GET"]}}],"collection":[{"href":"https:\/\/arroyitoonline.com.ar\/index.php?rest_route=\/wp\/v2\/posts"}],"about":[{"href":"https:\/\/arroyitoonline.com.ar\/index.php?rest_route=\/wp\/v2\/types\/post"}],"author":[{"embeddable":true,"href":"https:\/\/arroyitoonline.com.ar\/index.php?rest_route=\/wp\/v2\/users\/3"}],"replies":[{"embeddable":true,"href":"https:\/\/arroyitoonline.com.ar\/index.php?rest_route=%2Fwp%2Fv2%2Fcomments&post=9530"}],"version-history":[{"count":1,"href":"https:\/\/arroyitoonline.com.ar\/index.php?rest_route=\/wp\/v2\/posts\/9530\/revisions"}],"predecessor-version":[{"id":9531,"href":"https:\/\/arroyitoonline.com.ar\/index.php?rest_route=\/wp\/v2\/posts\/9530\/revisions\/9531"}],"wp:featuredmedia":[{"embeddable":true,"href":"https:\/\/arroyitoonline.com.ar\/index.php?rest_route=\/wp\/v2\/media\/3785"}],"wp:attachment":[{"href":"https:\/\/arroyitoonline.com.ar\/index.php?rest_route=%2Fwp%2Fv2%2Fmedia&parent=9530"}],"wp:term":[{"taxonomy":"category","embeddable":true,"href":"https:\/\/arroyitoonline.com.ar\/index.php?rest_route=%2Fwp%2Fv2%2Fcategories&post=9530"},{"taxonomy":"post_tag","embeddable":true,"href":"https:\/\/arroyitoonline.com.ar\/index.php?rest_route=%2Fwp%2Fv2%2Ftags&post=9530"}],"curies":[{"name":"wp","href":"https:\/\/api.w.org\/{rel}","templated":true}]}}