{"id":9545,"date":"2020-07-21T13:15:36","date_gmt":"2020-07-21T13:15:36","guid":{"rendered":"https:\/\/arroyitoonline.com.ar\/?p=9545"},"modified":"2020-07-21T13:18:06","modified_gmt":"2020-07-21T13:18:06","slug":"covid-19-se-realizaron-siete-hisopados-por-sospecha-el-fin-de-semana","status":"publish","type":"post","link":"https:\/\/arroyitoonline.com.ar\/?p=9545","title":{"rendered":"Covid-19: se realizaron siete hisopados por sospecha, el fin de semana"},"content":{"rendered":"\n<p><strong>Hay demoras, por la gran demanda de estudios realizados en la ciudad de C\u00f3rdoba. <\/strong><\/p>\n\n\n\n<p>El Centro de Emergencias Arroyito (CEA), a trav\u00e9s de su vocero Adri\u00e1n Carnevale, inform\u00f3 que, durante el fin de semana, se realizaron siete hisopados por sospecha (s\u00edntomas compatibles con el Covid-19). <\/p>\n\n\n\n<p>Los resultados de estos testeos estar\u00e1n entre el mi\u00e9rcoles 22 y jueves 23, debido a demoras por la gran demanda de estudios realizados en C\u00f3rdoba Capital. Una vez obtenidos los resultados ser\u00e1n comunicados.<\/p>\n\n\n\n<p>Adem\u00e1s, Carnevale aclar\u00f3 que <em>&#8220;por cuestiones legales, hasta no estar los resultados, no puedo nombrar lugares ni personas&#8221;<\/em>. <\/p>\n\n\n\n<p>Fuente: Centro de Emergencias Arroyito.<\/p>\n\n\n\n<p>Foto de archivo, solo a modo ilustrativo.<\/p>\n","protected":false},"excerpt":{"rendered":"<p>Hay demoras, por la gran demanda de estudios realizados en la ciudad de C\u00f3rdoba. El Centro de Emergencias Arroyito (CEA),&hellip;<\/p>\n","protected":false},"author":3,"featured_media":9119,"comment_status":"closed","ping_status":"open","sticky":false,"template":"","format":"standard","meta":{"footnotes":""},"categories":[9],"tags":[1120,66,67,836,1149,1108,1119,1102,426,572,706],"class_list":["post-9545","post","type-post","status-publish","format-standard","has-post-thumbnail","hentry","category-infosalud","tag-aislamiento","tag-arroyito","tag-arroyito-cordoba","tag-arroyito-online","tag-centro-de-emergencias-de-arroyito","tag-coronavirus","tag-cuarentena","tag-gobierno-municipal","tag-hospital","tag-noticias-de-arroyito-y-zona","tag-salud"],"_links":{"self":[{"href":"https:\/\/arroyitoonline.com.ar\/index.php?rest_route=\/wp\/v2\/posts\/9545","targetHints":{"allow":["GET"]}}],"collection":[{"href":"https:\/\/arroyitoonline.com.ar\/index.php?rest_route=\/wp\/v2\/posts"}],"about":[{"href":"https:\/\/arroyitoonline.com.ar\/index.php?rest_route=\/wp\/v2\/types\/post"}],"author":[{"embeddable":true,"href":"https:\/\/arroyitoonline.com.ar\/index.php?rest_route=\/wp\/v2\/users\/3"}],"replies":[{"embeddable":true,"href":"https:\/\/arroyitoonline.com.ar\/index.php?rest_route=%2Fwp%2Fv2%2Fcomments&post=9545"}],"version-history":[{"count":2,"href":"https:\/\/arroyitoonline.com.ar\/index.php?rest_route=\/wp\/v2\/posts\/9545\/revisions"}],"predecessor-version":[{"id":9547,"href":"https:\/\/arroyitoonline.com.ar\/index.php?rest_route=\/wp\/v2\/posts\/9545\/revisions\/9547"}],"wp:featuredmedia":[{"embeddable":true,"href":"https:\/\/arroyitoonline.com.ar\/index.php?rest_route=\/wp\/v2\/media\/9119"}],"wp:attachment":[{"href":"https:\/\/arroyitoonline.com.ar\/index.php?rest_route=%2Fwp%2Fv2%2Fmedia&parent=9545"}],"wp:term":[{"taxonomy":"category","embeddable":true,"href":"https:\/\/arroyitoonline.com.ar\/index.php?rest_route=%2Fwp%2Fv2%2Fcategories&post=9545"},{"taxonomy":"post_tag","embeddable":true,"href":"https:\/\/arroyitoonline.com.ar\/index.php?rest_route=%2Fwp%2Fv2%2Ftags&post=9545"}],"curies":[{"name":"wp","href":"https:\/\/api.w.org\/{rel}","templated":true}]}}