{"id":9573,"date":"2020-07-28T01:55:41","date_gmt":"2020-07-28T01:55:41","guid":{"rendered":"https:\/\/arroyitoonline.com.ar\/?p=9573"},"modified":"2020-07-28T02:08:30","modified_gmt":"2020-07-28T02:08:30","slug":"detuvieron-a-joven-de-el-fuertecito-por-la-sustraccion-de-una-mochila-del-canasto-de-una-bici","status":"publish","type":"post","link":"https:\/\/arroyitoonline.com.ar\/?p=9573","title":{"rendered":"Detuvieron a joven de El Fuertecito, por la sustracci\u00f3n de una mochila del canasto de una bici"},"content":{"rendered":"\n<p><strong>El hecho de hurto fue denunciado por la v\u00edctima, el s\u00e1bado pasado. Hoy, la Polic\u00eda realiz\u00f3 un allanamiento en el vecino paraje y hall\u00f3 todo lo sustra\u00eddo.<\/strong><\/p>\n\n\n\n<p>El s\u00e1bado 25 de julio pasado, una se\u00f1ora de 30 a\u00f1os denunci\u00f3 en la Unidad Judicial que, a las 17:10 horas, un motociclista le sustrajo su mochila del canasto de la bici, la cual dej\u00f3 estacionada en la esquina de Pe\u00f1aloza y Avellaneda, mientras ingres\u00f3 en un local comercial. En el interior de la cartera hab\u00eda cuatro celulares, una billetera con $2.500 y dos cargadores de tel\u00e9fonos m\u00f3viles. Mientras que, al cuidado de la bici, qued\u00f3 la hija de la mujer, una menor.<\/p>\n\n\n\n<p>En relaci\u00f3n a este hecho, tras r\u00e1pidas tareas investigativas por parte de la Polic\u00eda local, personal de la Comisar\u00eda Distrito Arroyito y de Investigaciones, cumplimentaron la Orden Judicial de allanamiento expedida por el Juzgado de Competencias M\u00faltiples de esta ciudad, en un domicilio ubicado en calle Orlando Marasini del paraje El Fuertecito.<\/p>\n\n\n\n<p>El procedimiento, realizado a las 20:00 horas de hoy, arroj\u00f3 resultado positivo. Del lugar secuestraron una mochila de dama, cuatro celulares, dos cargadores de tel\u00e9fonos, un par de zapatillas, ropas varias y una moto Guerrero Trip 110 c.c de color negro.<br><br>El propietario de la vivienda fue aprehendido y trasladado a la dependencia policial local, donde fue identificado, siendo este un joven de 26 a\u00f1os. <\/p>\n\n\n\n<p>El sujeto qued\u00f3 a disposicion de la Fiscal\u00eda de Instrucci\u00f3n de la ciudad de Arroyito, por supuesto autor del delito de hurto.<br><br><em>Prevenci\u00f3n<\/em><br><br>En este sentido, el comisario Inspector Diego Rodr\u00edguez, a cargo de la Comisar\u00eda local, pidi\u00f3 <em>&#8220;No olvidar, m\u00e1s all\u00e1 de haber ocurrido a cara descubierta y plena luz del d\u00eda, que \u00a1la ocasi\u00f3n hace al ladr\u00f3n!&#8221;<\/em>, refiri\u00e9ndose al hecho en cuesti\u00f3n. El jefe policial aconsej\u00f3 adem\u00e1s <em>&#8220;no dejar ni llevar elementos de valor en canastos de bicis ni a la vista en asientos de veh\u00edculos. Evaluar el &#8216;Justiprecio&#8217; de las cosas -Ej: valor de una cadena para las motos, candado para bicis, etc.-, es prevenir tambi\u00e9n&#8221;<\/em>.<br><br>Fuente: Comisario Insp. Diego Rodr\u00edguez, a cargo de la Comisar\u00eda Distrito Arroyito.<\/p>\n","protected":false},"excerpt":{"rendered":"<p>El hecho de hurto fue denunciado por la v\u00edctima, el s\u00e1bado pasado. Hoy, la Polic\u00eda realiz\u00f3 un allanamiento en el&hellip;<\/p>\n","protected":false},"author":3,"featured_media":9574,"comment_status":"closed","ping_status":"open","sticky":false,"template":"","format":"standard","meta":{"footnotes":""},"categories":[824],"tags":[66,67,836,315,430,572,635,637,638,825],"class_list":["post-9573","post","type-post","status-publish","format-standard","has-post-thumbnail","hentry","category-policiales-online","tag-arroyito","tag-arroyito-cordoba","tag-arroyito-online","tag-el-fuertecito","tag-hurto","tag-noticias-de-arroyito-y-zona","tag-policia","tag-policiales","tag-policiales-arroyito","tag-policiales-online"],"_links":{"self":[{"href":"https:\/\/arroyitoonline.com.ar\/index.php?rest_route=\/wp\/v2\/posts\/9573","targetHints":{"allow":["GET"]}}],"collection":[{"href":"https:\/\/arroyitoonline.com.ar\/index.php?rest_route=\/wp\/v2\/posts"}],"about":[{"href":"https:\/\/arroyitoonline.com.ar\/index.php?rest_route=\/wp\/v2\/types\/post"}],"author":[{"embeddable":true,"href":"https:\/\/arroyitoonline.com.ar\/index.php?rest_route=\/wp\/v2\/users\/3"}],"replies":[{"embeddable":true,"href":"https:\/\/arroyitoonline.com.ar\/index.php?rest_route=%2Fwp%2Fv2%2Fcomments&post=9573"}],"version-history":[{"count":2,"href":"https:\/\/arroyitoonline.com.ar\/index.php?rest_route=\/wp\/v2\/posts\/9573\/revisions"}],"predecessor-version":[{"id":9576,"href":"https:\/\/arroyitoonline.com.ar\/index.php?rest_route=\/wp\/v2\/posts\/9573\/revisions\/9576"}],"wp:featuredmedia":[{"embeddable":true,"href":"https:\/\/arroyitoonline.com.ar\/index.php?rest_route=\/wp\/v2\/media\/9574"}],"wp:attachment":[{"href":"https:\/\/arroyitoonline.com.ar\/index.php?rest_route=%2Fwp%2Fv2%2Fmedia&parent=9573"}],"wp:term":[{"taxonomy":"category","embeddable":true,"href":"https:\/\/arroyitoonline.com.ar\/index.php?rest_route=%2Fwp%2Fv2%2Fcategories&post=9573"},{"taxonomy":"post_tag","embeddable":true,"href":"https:\/\/arroyitoonline.com.ar\/index.php?rest_route=%2Fwp%2Fv2%2Ftags&post=9573"}],"curies":[{"name":"wp","href":"https:\/\/api.w.org\/{rel}","templated":true}]}}