{"id":9653,"date":"2020-08-05T21:17:55","date_gmt":"2020-08-05T21:17:55","guid":{"rendered":"https:\/\/arroyitoonline.com.ar\/?p=9653"},"modified":"2020-08-05T21:18:05","modified_gmt":"2020-08-05T21:18:05","slug":"la-tordilla-una-joven-de-23-anos-perdio-la-vida-tras-chocar-con-su-moto","status":"publish","type":"post","link":"https:\/\/arroyitoonline.com.ar\/?p=9653","title":{"rendered":"La Tordilla: una joven de 23 a\u00f1os perdi\u00f3 la vida tras chocar con su moto"},"content":{"rendered":"\n<p><strong>La chica colision\u00f3, por la parte de atr\u00e1s, a otra motocicleta, cuando la conductora de esta \u00faltima quiso doblar. Result\u00f3 herida de gravedad y luego falleci\u00f3. <\/strong><\/p>\n\n\n\n<p>Hoy a las 14:30 horas, se produjo un accidente de tr\u00e1nsito en la localidad de La Tordilla, que dej\u00f3 como saldo una joven muerta.<br><br>En la intersecci\u00f3n de la Av. Libertador y la calle Bartolom\u00e9 Mitre, la Polic\u00eda constat\u00f3 la colisi\u00f3n entre dos motocicletas.<br><br>Una Mondial Dax 70 color negro, sin dominio, que era conducida por una joven de 17 a\u00f1os, circulaba por Av. Libertador.<br><br>Cuando intent\u00f3 girar en Mitre hacia el oeste, por causas que tratan de establecerse, fue colisionada en la parte trasera por una Honda 150.cc, colores negro-lila y blanca, sin dominio. Esta \u00faltima andaba, en igual sentido por la misma arteria, y era guiada por una joven de 23 a\u00f1os.<br><br>Ninguna de las dos conductoras llevaba casco y ambas ten\u00edan domicilio en La Tordilla.<br><br>Como consecuencia del choque result\u00f3 lesionada de gravedad, la conductora (23) del rodado mayor.<br><br>Se hizo presente el Servicio de Emergencias local trasladando a la joven al Hospital Municipal Carlos J. Rodr\u00edguez de nuestra ciudad donde, momentos m\u00e1s tarde, falleci\u00f3.<br><br>Se labraron actuaciones sumariales, con conocimiento e intervenci\u00f3n de la Fiscalia de Instrucci\u00f3n de Arroyito, solicitando la colaboracion de Polic\u00eda Judicial, para el traslado del cuerpo a San Francisco, donde le realizar\u00e1n la respectiva autopsia.<br><br>Se procedi\u00f3 al secuestro de las motos y su traslado a sede policial.<br><br>Fuente: informe del comisario Insp. Diego Rodr\u00edguez, a cargo de la Comisar\u00eda Distrito Arroyito.<\/p>\n","protected":false},"excerpt":{"rendered":"<p>La chica colision\u00f3, por la parte de atr\u00e1s, a otra motocicleta, cuando la conductora de esta \u00faltima quiso doblar. Result\u00f3&hellip;<\/p>\n","protected":false},"author":3,"featured_media":7160,"comment_status":"closed","ping_status":"open","sticky":false,"template":"","format":"standard","meta":{"footnotes":""},"categories":[824],"tags":[22,66,67,836,191,426,487,1086,547,572,637,638,825],"class_list":["post-9653","post","type-post","status-publish","format-standard","has-post-thumbnail","hentry","category-policiales-online","tag-accidente","tag-arroyito","tag-arroyito-cordoba","tag-arroyito-online","tag-choque","tag-hospital","tag-la-tordilla","tag-moto","tag-motos","tag-noticias-de-arroyito-y-zona","tag-policiales","tag-policiales-arroyito","tag-policiales-online"],"_links":{"self":[{"href":"https:\/\/arroyitoonline.com.ar\/index.php?rest_route=\/wp\/v2\/posts\/9653","targetHints":{"allow":["GET"]}}],"collection":[{"href":"https:\/\/arroyitoonline.com.ar\/index.php?rest_route=\/wp\/v2\/posts"}],"about":[{"href":"https:\/\/arroyitoonline.com.ar\/index.php?rest_route=\/wp\/v2\/types\/post"}],"author":[{"embeddable":true,"href":"https:\/\/arroyitoonline.com.ar\/index.php?rest_route=\/wp\/v2\/users\/3"}],"replies":[{"embeddable":true,"href":"https:\/\/arroyitoonline.com.ar\/index.php?rest_route=%2Fwp%2Fv2%2Fcomments&post=9653"}],"version-history":[{"count":1,"href":"https:\/\/arroyitoonline.com.ar\/index.php?rest_route=\/wp\/v2\/posts\/9653\/revisions"}],"predecessor-version":[{"id":9654,"href":"https:\/\/arroyitoonline.com.ar\/index.php?rest_route=\/wp\/v2\/posts\/9653\/revisions\/9654"}],"wp:featuredmedia":[{"embeddable":true,"href":"https:\/\/arroyitoonline.com.ar\/index.php?rest_route=\/wp\/v2\/media\/7160"}],"wp:attachment":[{"href":"https:\/\/arroyitoonline.com.ar\/index.php?rest_route=%2Fwp%2Fv2%2Fmedia&parent=9653"}],"wp:term":[{"taxonomy":"category","embeddable":true,"href":"https:\/\/arroyitoonline.com.ar\/index.php?rest_route=%2Fwp%2Fv2%2Fcategories&post=9653"},{"taxonomy":"post_tag","embeddable":true,"href":"https:\/\/arroyitoonline.com.ar\/index.php?rest_route=%2Fwp%2Fv2%2Ftags&post=9653"}],"curies":[{"name":"wp","href":"https:\/\/api.w.org\/{rel}","templated":true}]}}