{"id":9655,"date":"2020-08-06T02:49:23","date_gmt":"2020-08-06T02:49:23","guid":{"rendered":"https:\/\/arroyitoonline.com.ar\/?p=9655"},"modified":"2020-08-06T10:14:58","modified_gmt":"2020-08-06T10:14:58","slug":"profundo-pesar-por-el-fallecimiento-del-expreceptor-del-ipetaym-n-68-ruben-massello","status":"publish","type":"post","link":"https:\/\/arroyitoonline.com.ar\/?p=9655","title":{"rendered":"Profundo pesar por el fallecimiento del expreceptor del Ipetaym N\u00b0 68, Rub\u00e9n Massello"},"content":{"rendered":"\n<p><strong>El gringo ten\u00eda 53 a\u00f1os. Desde la instituci\u00f3n educativa lo despidieron con sentidas palabras.<\/strong><\/p>\n\n\n\n<p><em>&#8220;Dios no prometi\u00f3 d\u00edas sin dolor, risa sin tristeza ni sol sin lluvia, pero s\u00ed prometi\u00f3 fuerza para tu d\u00eda, consuelo para tus l\u00e1grimas y luz para tu camino\u2026 &#8220;<\/em>. Con estas sentidas palabras despidi\u00f3, esta tarde, la comunidad educativa del Ipetaym N\u00b0 68 Coronel Don Luis \u00c1lvarez, a Rub\u00e9n Ariel Massello, quien fuera alumno y preceptor de esa escuela y falleciera hoy, a los 53 a\u00f1os.<br><br>Mediante una publicaci\u00f3n en la red social Facebook, miembros de esa casa de estudios anunciaron que la instituci\u00f3n <em>&#8220;hoy est\u00e1 de duelo&#8221;<\/em>.<br><br><em>&#8220;Nos invade la tristeza y el dolor por tu partida, a todos tus compa\u00f1eros y excompa\u00f1eros&#8221; <\/em>se\u00f1alaron, al tiempo que manifestaron que <em>&#8220;Compartimos alegr\u00edas y enojos, que quedar\u00e1n en el recuerdo de quienes te vimos recorrer cada rinc\u00f3n de la escuela, tu escuela. Acompa\u00f1amos a tu familia, padres y amigos en este momento y rogamos por tu eterno descanso en paz&#8221;<\/em>.<br><br><strong>\u00daltimo adi\u00f3s<\/strong><br><br>Los restos mortales de Rub\u00e9n Massello son velados en salas velatorias de R. Bianchi esquina Av. Mariano Moreno, con restricci\u00f3n en el acceso al lugar.<br><br>El sepelio ser\u00e1 este jueves 6 a las 10:00 horas, en el cementerio local, previo oficio religioso de cuerpo presente en la Parroquia Nuestra Se\u00f1ora de la Merced.<\/p>\n","protected":false},"excerpt":{"rendered":"<p>El gringo ten\u00eda 53 a\u00f1os. Desde la instituci\u00f3n educativa lo despidieron con sentidas palabras. &#8220;Dios no prometi\u00f3 d\u00edas sin dolor,&hellip;<\/p>\n","protected":false},"author":3,"featured_media":9656,"comment_status":"closed","ping_status":"open","sticky":false,"template":"","format":"standard","meta":{"footnotes":""},"categories":[900],"tags":[66,67,836,339,462,548,572],"class_list":["post-9655","post","type-post","status-publish","format-standard","has-post-thumbnail","hentry","category-noticias","tag-arroyito","tag-arroyito-cordoba","tag-arroyito-online","tag-escuela","tag-ipetaym-68","tag-muerte","tag-noticias-de-arroyito-y-zona"],"_links":{"self":[{"href":"https:\/\/arroyitoonline.com.ar\/index.php?rest_route=\/wp\/v2\/posts\/9655","targetHints":{"allow":["GET"]}}],"collection":[{"href":"https:\/\/arroyitoonline.com.ar\/index.php?rest_route=\/wp\/v2\/posts"}],"about":[{"href":"https:\/\/arroyitoonline.com.ar\/index.php?rest_route=\/wp\/v2\/types\/post"}],"author":[{"embeddable":true,"href":"https:\/\/arroyitoonline.com.ar\/index.php?rest_route=\/wp\/v2\/users\/3"}],"replies":[{"embeddable":true,"href":"https:\/\/arroyitoonline.com.ar\/index.php?rest_route=%2Fwp%2Fv2%2Fcomments&post=9655"}],"version-history":[{"count":3,"href":"https:\/\/arroyitoonline.com.ar\/index.php?rest_route=\/wp\/v2\/posts\/9655\/revisions"}],"predecessor-version":[{"id":9659,"href":"https:\/\/arroyitoonline.com.ar\/index.php?rest_route=\/wp\/v2\/posts\/9655\/revisions\/9659"}],"wp:featuredmedia":[{"embeddable":true,"href":"https:\/\/arroyitoonline.com.ar\/index.php?rest_route=\/wp\/v2\/media\/9656"}],"wp:attachment":[{"href":"https:\/\/arroyitoonline.com.ar\/index.php?rest_route=%2Fwp%2Fv2%2Fmedia&parent=9655"}],"wp:term":[{"taxonomy":"category","embeddable":true,"href":"https:\/\/arroyitoonline.com.ar\/index.php?rest_route=%2Fwp%2Fv2%2Fcategories&post=9655"},{"taxonomy":"post_tag","embeddable":true,"href":"https:\/\/arroyitoonline.com.ar\/index.php?rest_route=%2Fwp%2Fv2%2Ftags&post=9655"}],"curies":[{"name":"wp","href":"https:\/\/api.w.org\/{rel}","templated":true}]}}