{"id":9700,"date":"2020-08-06T14:16:23","date_gmt":"2020-08-06T14:16:23","guid":{"rendered":"https:\/\/arroyitoonline.com.ar\/?p=9700"},"modified":"2020-08-06T14:16:28","modified_gmt":"2020-08-06T14:16:28","slug":"la-esc-dr-dalmacio-velez-sarsfield-lamento-la-muerte-de-su-exalumno-matias-peralta","status":"publish","type":"post","link":"https:\/\/arroyitoonline.com.ar\/?p=9700","title":{"rendered":"La Esc. Dr. Dalmacio V\u00e9lez Sarsfield lament\u00f3 la muerte de su exalumno Mat\u00edas Peralta"},"content":{"rendered":"\n<p><strong>La comunidad educativa de la instituci\u00f3n envi\u00f3 un sentido mensaje a los afectos del joven de 21 a\u00f1os, egresado en 2016 del Nivel Secundario.<\/strong><\/p>\n\n\n\n<p>Con una publicaci\u00f3n realizada en la red social Facebook, la comunidad educativa de la Escuela Dr. Dalmacio V\u00e9lez Sarsfield lament\u00f3 la muerte de su exalumno Mat\u00edas Alejandro Peralta, Promoci\u00f3n 2016 del Nivel Secundario del establecimiento educativo, quien falleci\u00f3 el pasado martes 4 de agosto, a los 21 a\u00f1os.<\/p>\n\n\n\n<figure><iframe loading=\"lazy\" src=\"https:\/\/www.facebook.com\/plugins\/post.php?href=https%3A%2F%2Fwww.facebook.com%2Fvelezarroyito%2Fposts%2F3304976989559496&amp;width=500\" width=\"500\" height=\"689\"><\/iframe><\/figure>\n\n\n\n<p><em>&#8220;Acompa\u00f1amos a su familia en este momento de dolor y elevamos una oraci\u00f3n por Mat\u00edas, de quien recordaremos su esp\u00edritu alegre, sus ocurrencias y el tiempo compartido con sus compa\u00f1eros y docentes en nuestras aulas&#8221;<\/em>, se\u00f1alaron en el sentido mensaje dirigido a los afectos del joven.<\/p>\n\n\n\n<p>Fuente: Facebook Escuela Dr. Dalmacio V\u00e9lez Sarsfield.<\/p>\n","protected":false},"excerpt":{"rendered":"<p>La comunidad educativa de la instituci\u00f3n envi\u00f3 un sentido mensaje a los afectos del joven de 21 a\u00f1os, egresado en&hellip;<\/p>\n","protected":false},"author":3,"featured_media":9701,"comment_status":"closed","ping_status":"open","sticky":false,"template":"","format":"standard","meta":{"footnotes":""},"categories":[900],"tags":[66,67,836,888,875,548,572],"class_list":["post-9700","post","type-post","status-publish","format-standard","has-post-thumbnail","hentry","category-noticias","tag-arroyito","tag-arroyito-cordoba","tag-arroyito-online","tag-escuela-dr-dalmacio-velez-sarsfield","tag-jovenes-2","tag-muerte","tag-noticias-de-arroyito-y-zona"],"_links":{"self":[{"href":"https:\/\/arroyitoonline.com.ar\/index.php?rest_route=\/wp\/v2\/posts\/9700","targetHints":{"allow":["GET"]}}],"collection":[{"href":"https:\/\/arroyitoonline.com.ar\/index.php?rest_route=\/wp\/v2\/posts"}],"about":[{"href":"https:\/\/arroyitoonline.com.ar\/index.php?rest_route=\/wp\/v2\/types\/post"}],"author":[{"embeddable":true,"href":"https:\/\/arroyitoonline.com.ar\/index.php?rest_route=\/wp\/v2\/users\/3"}],"replies":[{"embeddable":true,"href":"https:\/\/arroyitoonline.com.ar\/index.php?rest_route=%2Fwp%2Fv2%2Fcomments&post=9700"}],"version-history":[{"count":1,"href":"https:\/\/arroyitoonline.com.ar\/index.php?rest_route=\/wp\/v2\/posts\/9700\/revisions"}],"predecessor-version":[{"id":9702,"href":"https:\/\/arroyitoonline.com.ar\/index.php?rest_route=\/wp\/v2\/posts\/9700\/revisions\/9702"}],"wp:featuredmedia":[{"embeddable":true,"href":"https:\/\/arroyitoonline.com.ar\/index.php?rest_route=\/wp\/v2\/media\/9701"}],"wp:attachment":[{"href":"https:\/\/arroyitoonline.com.ar\/index.php?rest_route=%2Fwp%2Fv2%2Fmedia&parent=9700"}],"wp:term":[{"taxonomy":"category","embeddable":true,"href":"https:\/\/arroyitoonline.com.ar\/index.php?rest_route=%2Fwp%2Fv2%2Fcategories&post=9700"},{"taxonomy":"post_tag","embeddable":true,"href":"https:\/\/arroyitoonline.com.ar\/index.php?rest_route=%2Fwp%2Fv2%2Ftags&post=9700"}],"curies":[{"name":"wp","href":"https:\/\/api.w.org\/{rel}","templated":true}]}}