{"id":9707,"date":"2020-08-06T21:29:08","date_gmt":"2020-08-06T21:29:08","guid":{"rendered":"https:\/\/arroyitoonline.com.ar\/?p=9707"},"modified":"2020-08-06T21:53:08","modified_gmt":"2020-08-06T21:53:08","slug":"el-gobierno-municipal-prorrogo-la-prohibicion-del-uso-del-agua-para-limpieza-de-veredas","status":"publish","type":"post","link":"https:\/\/arroyitoonline.com.ar\/?p=9707","title":{"rendered":"El Gobierno Municipal prorrog\u00f3 la prohibici\u00f3n del uso del agua para limpieza de veredas"},"content":{"rendered":"\n<p><strong>La medida tambi\u00e9n impide el uso del recurso para regado de jard\u00edn y lavado de autos particulares en domicilios.<\/strong><\/p>\n\n\n\n<p>La secretar\u00eda de Servicios P\u00fablicos del Gobierno Municipal hab\u00eda prohibido, desde el viernes 17 hasta el viernes 31 de julio, el uso de agua para limpieza de veredas, regado de jard\u00edn y lavado de autos particulares en domicilios.<\/p>\n\n\n\n<p>La medida tiene como finalidad, la reducci\u00f3n de la demanda de este recurso en la ciudad.<\/p>\n\n\n\n<figure class=\"wp-block-image size-large\"><img loading=\"lazy\" decoding=\"async\" width=\"1024\" height=\"1024\" src=\"https:\/\/arroyitoonline.com.ar\/wp-content\/uploads\/2020\/08\/cuidemos-el-agua-1024x1024.jpg\" alt=\"\" class=\"wp-image-9709\" srcset=\"https:\/\/arroyitoonline.com.ar\/wp-content\/uploads\/2020\/08\/cuidemos-el-agua-1024x1024.jpg 1024w, https:\/\/arroyitoonline.com.ar\/wp-content\/uploads\/2020\/08\/cuidemos-el-agua-300x300.jpg 300w, https:\/\/arroyitoonline.com.ar\/wp-content\/uploads\/2020\/08\/cuidemos-el-agua-150x150.jpg 150w, https:\/\/arroyitoonline.com.ar\/wp-content\/uploads\/2020\/08\/cuidemos-el-agua-768x768.jpg 768w, https:\/\/arroyitoonline.com.ar\/wp-content\/uploads\/2020\/08\/cuidemos-el-agua-1536x1536.jpg 1536w, https:\/\/arroyitoonline.com.ar\/wp-content\/uploads\/2020\/08\/cuidemos-el-agua.jpg 1772w\" sizes=\"auto, (max-width: 1024px) 100vw, 1024px\" \/><\/figure>\n\n\n\n<p>Las bombas y los pozos se encuentran en estudio y reparaci\u00f3n, con el objetivo de que se logre una mayor presi\u00f3n de agua para la comunidad.<\/p>\n\n\n\n<p>Cuidemos el agua.<\/p>\n\n\n\n<p>Fuente: Comunicaci\u00f3n y Protocolo del Gobierno Municipal.<\/p>\n","protected":false},"excerpt":{"rendered":"<p>La medida tambi\u00e9n impide el uso del recurso para regado de jard\u00edn y lavado de autos particulares en domicilios. La&hellip;<\/p>\n","protected":false},"author":3,"featured_media":9528,"comment_status":"closed","ping_status":"open","sticky":false,"template":"","format":"standard","meta":{"footnotes":""},"categories":[879],"tags":[41,66,67,836,1102,572,731,732],"class_list":["post-9707","post","type-post","status-publish","format-standard","has-post-thumbnail","hentry","category-servicios-publicos","tag-agua-potable","tag-arroyito","tag-arroyito-cordoba","tag-arroyito-online","tag-gobierno-municipal","tag-noticias-de-arroyito-y-zona","tag-servicios","tag-servicios-publicos"],"_links":{"self":[{"href":"https:\/\/arroyitoonline.com.ar\/index.php?rest_route=\/wp\/v2\/posts\/9707","targetHints":{"allow":["GET"]}}],"collection":[{"href":"https:\/\/arroyitoonline.com.ar\/index.php?rest_route=\/wp\/v2\/posts"}],"about":[{"href":"https:\/\/arroyitoonline.com.ar\/index.php?rest_route=\/wp\/v2\/types\/post"}],"author":[{"embeddable":true,"href":"https:\/\/arroyitoonline.com.ar\/index.php?rest_route=\/wp\/v2\/users\/3"}],"replies":[{"embeddable":true,"href":"https:\/\/arroyitoonline.com.ar\/index.php?rest_route=%2Fwp%2Fv2%2Fcomments&post=9707"}],"version-history":[{"count":2,"href":"https:\/\/arroyitoonline.com.ar\/index.php?rest_route=\/wp\/v2\/posts\/9707\/revisions"}],"predecessor-version":[{"id":9710,"href":"https:\/\/arroyitoonline.com.ar\/index.php?rest_route=\/wp\/v2\/posts\/9707\/revisions\/9710"}],"wp:featuredmedia":[{"embeddable":true,"href":"https:\/\/arroyitoonline.com.ar\/index.php?rest_route=\/wp\/v2\/media\/9528"}],"wp:attachment":[{"href":"https:\/\/arroyitoonline.com.ar\/index.php?rest_route=%2Fwp%2Fv2%2Fmedia&parent=9707"}],"wp:term":[{"taxonomy":"category","embeddable":true,"href":"https:\/\/arroyitoonline.com.ar\/index.php?rest_route=%2Fwp%2Fv2%2Fcategories&post=9707"},{"taxonomy":"post_tag","embeddable":true,"href":"https:\/\/arroyitoonline.com.ar\/index.php?rest_route=%2Fwp%2Fv2%2Ftags&post=9707"}],"curies":[{"name":"wp","href":"https:\/\/api.w.org\/{rel}","templated":true}]}}