{"id":9711,"date":"2020-08-07T00:23:19","date_gmt":"2020-08-07T00:23:19","guid":{"rendered":"https:\/\/arroyitoonline.com.ar\/?p=9711"},"modified":"2020-08-07T00:23:22","modified_gmt":"2020-08-07T00:23:22","slug":"benedetti-se-reunio-con-autoridades-de-asociacion-mutual-arroyito","status":"publish","type":"post","link":"https:\/\/arroyitoonline.com.ar\/?p=9711","title":{"rendered":"Benedetti se reuni\u00f3 con autoridades de Asociaci\u00f3n Mutual Arroyito"},"content":{"rendered":"\n<p><strong>Junto al presidente Iv\u00e1n Rivarola y al coordinador General Nicol\u00e1s Gudi\u00f1o, dialogaron sobre diversos temas vinculados al desarrollo de la ciudad. <\/strong><\/p>\n\n\n\n<p>El intendente Gustavo Benedetti recibi\u00f3 a autoridades de la Asociaci\u00f3n Mutual Arroyito (AMA) para el tratamiento de diversos temas vinculados al desarrollo de la ciudad, a trav\u00e9s de un trabajo en conjunto.<\/p>\n\n\n\n<p>En este sentido se convers\u00f3 sobre el financiamiento de nuevo sistema inform\u00e1tico de la Municipalidad, sobre inversiones en el Cementerio local y aspectos relacionas con el loteo de AMA.<\/p>\n\n\n\n<p>Estuvieron presentes en la reuni\u00f3n: la viceintendente, Mar\u00eda Jos\u00e9 Esp\u00f3sito; el director de Desarrollo Urbano, Mariano Margonari; el presidente del Consejo Directivo de AMA, Iv\u00e1n Rivarola, y su coordinador General, Nicol\u00e1s Gudi\u00f1o.<\/p>\n\n\n\n<p>Fuente: Comunicaci\u00f3n y Protocolo del Gobierno Municipal. <\/p>\n","protected":false},"excerpt":{"rendered":"<p>Junto al presidente Iv\u00e1n Rivarola y al coordinador General Nicol\u00e1s Gudi\u00f1o, dialogaron sobre diversos temas vinculados al desarrollo de la&hellip;<\/p>\n","protected":false},"author":3,"featured_media":9712,"comment_status":"closed","ping_status":"open","sticky":false,"template":"","format":"standard","meta":{"footnotes":""},"categories":[1157],"tags":[50,66,67,836,79,115,1102,968,572],"class_list":["post-9711","post","type-post","status-publish","format-standard","has-post-thumbnail","hentry","category-mutualismo-info-online","tag-ama","tag-arroyito","tag-arroyito-cordoba","tag-arroyito-online","tag-asociacion-mutual-arroyito","tag-benedetti","tag-gobierno-municipal","tag-gustavo-benedetti","tag-noticias-de-arroyito-y-zona"],"_links":{"self":[{"href":"https:\/\/arroyitoonline.com.ar\/index.php?rest_route=\/wp\/v2\/posts\/9711","targetHints":{"allow":["GET"]}}],"collection":[{"href":"https:\/\/arroyitoonline.com.ar\/index.php?rest_route=\/wp\/v2\/posts"}],"about":[{"href":"https:\/\/arroyitoonline.com.ar\/index.php?rest_route=\/wp\/v2\/types\/post"}],"author":[{"embeddable":true,"href":"https:\/\/arroyitoonline.com.ar\/index.php?rest_route=\/wp\/v2\/users\/3"}],"replies":[{"embeddable":true,"href":"https:\/\/arroyitoonline.com.ar\/index.php?rest_route=%2Fwp%2Fv2%2Fcomments&post=9711"}],"version-history":[{"count":1,"href":"https:\/\/arroyitoonline.com.ar\/index.php?rest_route=\/wp\/v2\/posts\/9711\/revisions"}],"predecessor-version":[{"id":9713,"href":"https:\/\/arroyitoonline.com.ar\/index.php?rest_route=\/wp\/v2\/posts\/9711\/revisions\/9713"}],"wp:featuredmedia":[{"embeddable":true,"href":"https:\/\/arroyitoonline.com.ar\/index.php?rest_route=\/wp\/v2\/media\/9712"}],"wp:attachment":[{"href":"https:\/\/arroyitoonline.com.ar\/index.php?rest_route=%2Fwp%2Fv2%2Fmedia&parent=9711"}],"wp:term":[{"taxonomy":"category","embeddable":true,"href":"https:\/\/arroyitoonline.com.ar\/index.php?rest_route=%2Fwp%2Fv2%2Fcategories&post=9711"},{"taxonomy":"post_tag","embeddable":true,"href":"https:\/\/arroyitoonline.com.ar\/index.php?rest_route=%2Fwp%2Fv2%2Ftags&post=9711"}],"curies":[{"name":"wp","href":"https:\/\/api.w.org\/{rel}","templated":true}]}}