{"id":9714,"date":"2020-08-08T00:48:14","date_gmt":"2020-08-08T00:48:14","guid":{"rendered":"https:\/\/arroyitoonline.com.ar\/?p=9714"},"modified":"2020-08-08T00:50:05","modified_gmt":"2020-08-08T00:50:05","slug":"el-inst-privado-secundario-la-tordilla-lamento-la-muerte-de-aylen-signorile","status":"publish","type":"post","link":"https:\/\/arroyitoonline.com.ar\/?p=9714","title":{"rendered":"El Inst. Privado Secundario La Tordilla lament\u00f3 la muerte de Ayl\u00e9n Signorile"},"content":{"rendered":"\n<p><strong>La joven de 23 a\u00f1os, egresada de la instituci\u00f3n en la Promoci\u00f3n 2017, falleci\u00f3 tras chocar con su moto.<\/strong><\/p>\n\n\n\n<p>Con un comunicado emitido en la red social Facebook, el Instituto Privado Secundario La Tordilla<em> &#8220;lamenta profundamente&#8221; <\/em>el fallecimiento de la exalumna Ayl\u00e9n Signorile, de la Promoci\u00f3n 2017.<br><br><em>&#8220;La fortaleza frente a la lucha diaria fue la bandera a lo largo de su vida, y enarbol\u00e1ndola, la recordaremos&#8221;<\/em>, manifestaron, sobre la joven, y expresaron, para su familia, compa\u00f1eros y amigos <em>&#8220;nuestro sentimiento de solidaridad y las m\u00e1s sentidas condolencias, ante este hecho que enluta a nuestro pueblo y a nuestra comunidad educativa&#8221;<\/em>.<br><br>Ayl\u00e9n ten\u00eda 23 a\u00f1os cuando, el pasado mi\u00e9rcoles 5, <a rel=\"noreferrer noopener\" href=\"https:\/\/arroyitoonline.com.ar\/info-online\/policiales-online\/la-tordilla-una-joven-de-23-anos-perdio-la-vida-tras-chocar-con-su-moto\/\" target=\"_blank\">protagoniz\u00f3 un siniestro vial a bordo de su moto<\/a>, que le cost\u00f3 la vida. Iba por la arteria principal de la localidad, Av. Libertador, cuando choc\u00f3 por la parte de atr\u00e1s a otro moto veh\u00edculo y cay\u00f3 al asfalto. Desde el Hospital Municipal de Arroyito informaron su deceso.<\/p>\n","protected":false},"excerpt":{"rendered":"<p>La joven de 23 a\u00f1os, egresada de la instituci\u00f3n en la Promoci\u00f3n 2017, falleci\u00f3 tras chocar con su moto. Con&hellip;<\/p>\n","protected":false},"author":3,"featured_media":9717,"comment_status":"closed","ping_status":"open","sticky":false,"template":"","format":"standard","meta":{"footnotes":""},"categories":[900],"tags":[66,67,836,191,1164,487,1086,547,548],"class_list":["post-9714","post","type-post","status-publish","format-standard","has-post-thumbnail","hentry","category-noticias","tag-arroyito","tag-arroyito-cordoba","tag-arroyito-online","tag-choque","tag-instituto-privado-secundario-la-tordilla","tag-la-tordilla","tag-moto","tag-motos","tag-muerte"],"_links":{"self":[{"href":"https:\/\/arroyitoonline.com.ar\/index.php?rest_route=\/wp\/v2\/posts\/9714","targetHints":{"allow":["GET"]}}],"collection":[{"href":"https:\/\/arroyitoonline.com.ar\/index.php?rest_route=\/wp\/v2\/posts"}],"about":[{"href":"https:\/\/arroyitoonline.com.ar\/index.php?rest_route=\/wp\/v2\/types\/post"}],"author":[{"embeddable":true,"href":"https:\/\/arroyitoonline.com.ar\/index.php?rest_route=\/wp\/v2\/users\/3"}],"replies":[{"embeddable":true,"href":"https:\/\/arroyitoonline.com.ar\/index.php?rest_route=%2Fwp%2Fv2%2Fcomments&post=9714"}],"version-history":[{"count":1,"href":"https:\/\/arroyitoonline.com.ar\/index.php?rest_route=\/wp\/v2\/posts\/9714\/revisions"}],"predecessor-version":[{"id":9716,"href":"https:\/\/arroyitoonline.com.ar\/index.php?rest_route=\/wp\/v2\/posts\/9714\/revisions\/9716"}],"wp:featuredmedia":[{"embeddable":true,"href":"https:\/\/arroyitoonline.com.ar\/index.php?rest_route=\/wp\/v2\/media\/9717"}],"wp:attachment":[{"href":"https:\/\/arroyitoonline.com.ar\/index.php?rest_route=%2Fwp%2Fv2%2Fmedia&parent=9714"}],"wp:term":[{"taxonomy":"category","embeddable":true,"href":"https:\/\/arroyitoonline.com.ar\/index.php?rest_route=%2Fwp%2Fv2%2Fcategories&post=9714"},{"taxonomy":"post_tag","embeddable":true,"href":"https:\/\/arroyitoonline.com.ar\/index.php?rest_route=%2Fwp%2Fv2%2Ftags&post=9714"}],"curies":[{"name":"wp","href":"https:\/\/api.w.org\/{rel}","templated":true}]}}