{"id":9718,"date":"2020-08-08T17:21:04","date_gmt":"2020-08-08T17:21:04","guid":{"rendered":"https:\/\/arroyitoonline.com.ar\/?p=9718"},"modified":"2020-08-08T17:23:59","modified_gmt":"2020-08-08T17:23:59","slug":"el-cea-confirma-dos-casos-positivos-de-covid-19-en-arroyito","status":"publish","type":"post","link":"https:\/\/arroyitoonline.com.ar\/?p=9718","title":{"rendered":"El CEA confirma dos casos positivos de Covid-19 en Arroyito"},"content":{"rendered":"\n<p><strong>Ayer hisoparon a siete personas que hab\u00edan tenido contacto estrecho con casos positivos de la ciudad de C\u00f3rdoba.<\/strong> <strong>Los resultados confirmaron dos pacientes positivos y cinco negativos.<\/strong><\/p>\n\n\n\n<p>El Centro de Emergencias de Arroyito informa que, ayer viernes 7 de agosto, se han realizado siete hisopados por recomendaci\u00f3n epidemiol\u00f3gica. En este sentido, hace horas, se conoci\u00f3 que dos de estas personas dieron como resultado positivo para Covid-19, mientras que las otras cinco resultaron negativas. <\/p>\n\n\n\n<p>Ambos pacientes, que tuvieron contacto estrecho con personas de la ciudad de C\u00f3rdoba, permanecen aislados en sus domicilios, en buenas condiciones de salud, con s\u00edntomas leves.<\/p>\n\n\n\n<p>Durante el d\u00eda de hoy se realizan los trabajos sanitarios epidemiol\u00f3gicos, de aislamiento de sus contactos estrechos e hisopados.<\/p>\n\n\n\n<p>El Equipo Sanitario se encuentra trabajando para el control de cada detalle de esta situaci\u00f3n.<\/p>\n\n\n\n<p>Adem\u00e1s, hoy m\u00e1s que nunca, recomiendan que extrememos los cuidados: lavado de manos frecuente, respeto de la distancia social y uso del barbijo. <\/p>\n\n\n\n<p>En caso de haber transitado por zonas de trasmisi\u00f3n comunitaria, o conocer a alguien que lo haya hecho sin reportarse a las autoridades sanitarias correspondientes, comunicarse al 3576 \u2013 577746.<\/p>\n\n\n\n<p>Tambi\u00e9n se recuerda a la poblaci\u00f3n que las reuniones sociales no est\u00e1n permitidas.<\/p>\n\n\n\n<p>Fuente: Comunicaci\u00f3n y Protocolo del Gobierno Municipal y CEA.<\/p>\n","protected":false},"excerpt":{"rendered":"<p>Ayer hisoparon a siete personas que hab\u00edan tenido contacto estrecho con casos positivos de la ciudad de C\u00f3rdoba. Los resultados&hellip;<\/p>\n","protected":false},"author":3,"featured_media":9719,"comment_status":"closed","ping_status":"open","sticky":false,"template":"","format":"standard","meta":{"footnotes":""},"categories":[9],"tags":[1120,66,67,836,1149,1108,404,572],"class_list":["post-9718","post","type-post","status-publish","format-standard","has-post-thumbnail","hentry","category-infosalud","tag-aislamiento","tag-arroyito","tag-arroyito-cordoba","tag-arroyito-online","tag-centro-de-emergencias-de-arroyito","tag-coronavirus","tag-gobierno-de-cordoba","tag-noticias-de-arroyito-y-zona"],"_links":{"self":[{"href":"https:\/\/arroyitoonline.com.ar\/index.php?rest_route=\/wp\/v2\/posts\/9718","targetHints":{"allow":["GET"]}}],"collection":[{"href":"https:\/\/arroyitoonline.com.ar\/index.php?rest_route=\/wp\/v2\/posts"}],"about":[{"href":"https:\/\/arroyitoonline.com.ar\/index.php?rest_route=\/wp\/v2\/types\/post"}],"author":[{"embeddable":true,"href":"https:\/\/arroyitoonline.com.ar\/index.php?rest_route=\/wp\/v2\/users\/3"}],"replies":[{"embeddable":true,"href":"https:\/\/arroyitoonline.com.ar\/index.php?rest_route=%2Fwp%2Fv2%2Fcomments&post=9718"}],"version-history":[{"count":2,"href":"https:\/\/arroyitoonline.com.ar\/index.php?rest_route=\/wp\/v2\/posts\/9718\/revisions"}],"predecessor-version":[{"id":9721,"href":"https:\/\/arroyitoonline.com.ar\/index.php?rest_route=\/wp\/v2\/posts\/9718\/revisions\/9721"}],"wp:featuredmedia":[{"embeddable":true,"href":"https:\/\/arroyitoonline.com.ar\/index.php?rest_route=\/wp\/v2\/media\/9719"}],"wp:attachment":[{"href":"https:\/\/arroyitoonline.com.ar\/index.php?rest_route=%2Fwp%2Fv2%2Fmedia&parent=9718"}],"wp:term":[{"taxonomy":"category","embeddable":true,"href":"https:\/\/arroyitoonline.com.ar\/index.php?rest_route=%2Fwp%2Fv2%2Fcategories&post=9718"},{"taxonomy":"post_tag","embeddable":true,"href":"https:\/\/arroyitoonline.com.ar\/index.php?rest_route=%2Fwp%2Fv2%2Ftags&post=9718"}],"curies":[{"name":"wp","href":"https:\/\/api.w.org\/{rel}","templated":true}]}}