{"id":9727,"date":"2020-08-10T02:32:35","date_gmt":"2020-08-10T02:32:35","guid":{"rendered":"https:\/\/arroyitoonline.com.ar\/?p=9727"},"modified":"2020-08-10T02:35:03","modified_gmt":"2020-08-10T02:35:03","slug":"joven-de-14-anos-manejaba-una-moto-sin-dominio-y-con-el-escape-modificado","status":"publish","type":"post","link":"https:\/\/arroyitoonline.com.ar\/?p=9727","title":{"rendered":"Joven de 14 a\u00f1os manejaba una moto sin dominio y con el escape modificado"},"content":{"rendered":"\n<p><strong>La Polic\u00eda detuvo la marcha del rodado y control\u00f3 al conductor. El chico fue entregado a sus progenitores y la moto result\u00f3 secuestrada.<\/strong><\/p>\n\n\n\n<p>A la 1:30 de la madrugada de este s\u00e1bado, cuando personal policial se encontraba realizando controles de objetivos en el Paraje El Fuertecito, fueron interceptadas dos motocicletas conducidas por sendos j\u00f3venes.<\/p>\n\n\n\n<p>Los motociclistas andaban por el camino rural, paralelo a la Ruta Nacional N\u00b0 19, distante unos 15 metros del Transporte Benedette.<\/p>\n\n\n\n<p>La Polic\u00eda logr\u00f3 que uno de los rodados detuviera la marcha y le realiz\u00f3 un control. Se trataba de una Guerrero Trip 110 cc color gris sin dominio, espejos retrovisores ni guardabarros trasero, con escape modificado. <\/p>\n\n\n\n<p>Adem\u00e1s, el conductor adujo que no pose\u00eda carnet de conducir, siendo un joven de 14 a\u00f1os, domiciliado en zona rural de esta ciudad. Por lo tanto, uniformados trasladaron al menor y a la moto a la Comisar\u00eda local, donde se iniciaron las correspondientes actuaciones aumariales, por supuesta infracci\u00f3n al los art\u00edculos 104\u00b0 (*) y 111\u00b0 (**) del C\u00f3digo de Convivencia Ciudadana-Ley Pcial 10.326.<\/p>\n\n\n\n<p>El veh\u00edculo secuestrado qued\u00f3 en la dependencia policial y el joven fue entregado a sus progenitores.<\/p>\n\n\n\n<p>Fuente: informe del Crio. Insp. Diego Rodr\u00edguez, a cargo de la Comisar\u00eda Distrito Arroyito. <\/p>\n\n\n\n<p><em>(*) <strong>Conductor menor de edad<\/strong>. Ser\u00e1n sancionados con hasta seis (6) d\u00edas de trabajo comunitario, multa de hasta doce unidades de multa (12 UM) o arresto de hasta tres (3) d\u00edas los que confiaren la conducci\u00f3n de un veh\u00edculo a un menor de edad no autorizado para ello por autoridad competente).<\/em><\/p>\n\n\n\n<p><em>(**) <strong>Prohibici\u00f3n de transitar sin documentaci\u00f3n, sin casco o sin<br>placa identificatoria en motoveh\u00edculos<\/strong>. Ser\u00e1n sancionados con hasta diez (10) d\u00edas de trabajo comunitario, multa de hasta veinte unidades de multa (20 UM) o arresto de hasta tres (3) d\u00edas los que condujeren motocicletas y ciclomotores sin la documentaci\u00f3n correspondiente, sin la placa identificatoria del dominio colocada en debida forma o sin el casco normalizado. Igual sanci\u00f3n le corresponder\u00e1 a quienes se trasladaren como acompa\u00f1antes sin el casco normalizado. En todos los casos se proceder\u00e1 al secuestro de la motocicleta o ciclomotor, la que ser\u00e1 restituida a su leg\u00edtimo propietario cuando se hubieren subsanado los requisitos para circular.<br>La autoridad policial, con comunicaci\u00f3n al Registro Nacional de la Propiedad Automotor y Cr\u00e9ditos Prendarios para su baja registral, ordenar\u00e1 la desnaturalizaci\u00f3n de toda motocicleta o ciclomotor que no hubiere sido retirada por su propietario dentro del a\u00f1o a contar desde la fecha en que se produjo el secuestro, en un todo de acuerdo al procedimiento que por v\u00eda reglamentaria se establezca.<\/em><\/p>\n","protected":false},"excerpt":{"rendered":"<p>La Polic\u00eda detuvo la marcha del rodado y control\u00f3 al conductor. El chico fue entregado a sus progenitores y la&hellip;<\/p>\n","protected":false},"author":3,"featured_media":9728,"comment_status":"closed","ping_status":"open","sticky":false,"template":"","format":"standard","meta":{"footnotes":""},"categories":[824],"tags":[66,67,836,209,315,1086,547,572,635,637,638,825,701],"class_list":["post-9727","post","type-post","status-publish","format-standard","has-post-thumbnail","hentry","category-policiales-online","tag-arroyito","tag-arroyito-cordoba","tag-arroyito-online","tag-codigo-de-convivencia-ciudadana","tag-el-fuertecito","tag-moto","tag-motos","tag-noticias-de-arroyito-y-zona","tag-policia","tag-policiales","tag-policiales-arroyito","tag-policiales-online","tag-ruta-nacional-n-19"],"_links":{"self":[{"href":"https:\/\/arroyitoonline.com.ar\/index.php?rest_route=\/wp\/v2\/posts\/9727","targetHints":{"allow":["GET"]}}],"collection":[{"href":"https:\/\/arroyitoonline.com.ar\/index.php?rest_route=\/wp\/v2\/posts"}],"about":[{"href":"https:\/\/arroyitoonline.com.ar\/index.php?rest_route=\/wp\/v2\/types\/post"}],"author":[{"embeddable":true,"href":"https:\/\/arroyitoonline.com.ar\/index.php?rest_route=\/wp\/v2\/users\/3"}],"replies":[{"embeddable":true,"href":"https:\/\/arroyitoonline.com.ar\/index.php?rest_route=%2Fwp%2Fv2%2Fcomments&post=9727"}],"version-history":[{"count":2,"href":"https:\/\/arroyitoonline.com.ar\/index.php?rest_route=\/wp\/v2\/posts\/9727\/revisions"}],"predecessor-version":[{"id":9730,"href":"https:\/\/arroyitoonline.com.ar\/index.php?rest_route=\/wp\/v2\/posts\/9727\/revisions\/9730"}],"wp:featuredmedia":[{"embeddable":true,"href":"https:\/\/arroyitoonline.com.ar\/index.php?rest_route=\/wp\/v2\/media\/9728"}],"wp:attachment":[{"href":"https:\/\/arroyitoonline.com.ar\/index.php?rest_route=%2Fwp%2Fv2%2Fmedia&parent=9727"}],"wp:term":[{"taxonomy":"category","embeddable":true,"href":"https:\/\/arroyitoonline.com.ar\/index.php?rest_route=%2Fwp%2Fv2%2Fcategories&post=9727"},{"taxonomy":"post_tag","embeddable":true,"href":"https:\/\/arroyitoonline.com.ar\/index.php?rest_route=%2Fwp%2Fv2%2Ftags&post=9727"}],"curies":[{"name":"wp","href":"https:\/\/api.w.org\/{rel}","templated":true}]}}