{"id":9743,"date":"2020-08-14T23:08:37","date_gmt":"2020-08-14T23:08:37","guid":{"rendered":"https:\/\/arroyitoonline.com.ar\/?p=9743"},"modified":"2020-08-14T23:08:40","modified_gmt":"2020-08-14T23:08:40","slug":"feriado-del-lunes-17-la-recoleccion-de-residuos-domiciliarios-sera-normal","status":"publish","type":"post","link":"https:\/\/arroyitoonline.com.ar\/?p=9743","title":{"rendered":"Feriado del lunes 17: la recolecci\u00f3n de residuos domiciliarios ser\u00e1 normal"},"content":{"rendered":"\n<p><strong>En cambio, la recolecci\u00f3n de poda y escombros del mismo lunes se har\u00e1 el martes 18.<\/strong><\/p>\n\n\n\n<p>La Secretar\u00eda de Servicios P\u00fablicos del Gobierno Municipal informa que, este lunes 17, feriado nacional por la conmemoraci\u00f3n del Paso a la Inmortalidad del General San Mart\u00edn, se realizar\u00e1 la recolecci\u00f3n de residuos domiciliarios con normalidad.<\/p>\n\n\n\n<div class=\"wp-block-image\"><figure class=\"aligncenter size-large\"><img loading=\"lazy\" decoding=\"async\" width=\"1024\" height=\"1024\" src=\"https:\/\/arroyitoonline.com.ar\/wp-content\/uploads\/2020\/08\/servicios-publicos-17-DE-AGOSTO-1-1024x1024.jpg\" alt=\"\" class=\"wp-image-9745\" srcset=\"https:\/\/arroyitoonline.com.ar\/wp-content\/uploads\/2020\/08\/servicios-publicos-17-DE-AGOSTO-1-1024x1024.jpg 1024w, https:\/\/arroyitoonline.com.ar\/wp-content\/uploads\/2020\/08\/servicios-publicos-17-DE-AGOSTO-1-300x300.jpg 300w, https:\/\/arroyitoonline.com.ar\/wp-content\/uploads\/2020\/08\/servicios-publicos-17-DE-AGOSTO-1-150x150.jpg 150w, https:\/\/arroyitoonline.com.ar\/wp-content\/uploads\/2020\/08\/servicios-publicos-17-DE-AGOSTO-1-768x768.jpg 768w, https:\/\/arroyitoonline.com.ar\/wp-content\/uploads\/2020\/08\/servicios-publicos-17-DE-AGOSTO-1.jpg 1181w\" sizes=\"auto, (max-width: 1024px) 100vw, 1024px\" \/><figcaption><em>El lunes 17, la recolecci\u00f3n domiciliaria de residuos ser\u00e1 normal<\/em><\/figcaption><\/figure><\/div>\n\n\n\n<p>Por otra parte, la recolecci\u00f3n de poda y escombros correspondiente al mismo lunes, se concretar\u00e1 el martes 18.<\/p>\n\n\n\n<p>Todas las dem\u00e1s actividades del \u00e1rea de Servicios P\u00fablicos contar\u00e1n con guardias m\u00ednimas. <\/p>\n\n\n\n<p>Fuente: Comunicaci\u00f3n y Protocolo del Gobierno Municipal. <\/p>\n","protected":false},"excerpt":{"rendered":"<p>En cambio, la recolecci\u00f3n de poda y escombros del mismo lunes se har\u00e1 el martes 18. La Secretar\u00eda de Servicios&hellip;<\/p>\n","protected":false},"author":3,"featured_media":2563,"comment_status":"closed","ping_status":"open","sticky":false,"template":"","format":"standard","meta":{"footnotes":""},"categories":[879],"tags":[66,67,836,111,367,1102,572,732],"class_list":["post-9743","post","type-post","status-publish","format-standard","has-post-thumbnail","hentry","category-servicios-publicos","tag-arroyito","tag-arroyito-cordoba","tag-arroyito-online","tag-basura","tag-feriado","tag-gobierno-municipal","tag-noticias-de-arroyito-y-zona","tag-servicios-publicos"],"_links":{"self":[{"href":"https:\/\/arroyitoonline.com.ar\/index.php?rest_route=\/wp\/v2\/posts\/9743","targetHints":{"allow":["GET"]}}],"collection":[{"href":"https:\/\/arroyitoonline.com.ar\/index.php?rest_route=\/wp\/v2\/posts"}],"about":[{"href":"https:\/\/arroyitoonline.com.ar\/index.php?rest_route=\/wp\/v2\/types\/post"}],"author":[{"embeddable":true,"href":"https:\/\/arroyitoonline.com.ar\/index.php?rest_route=\/wp\/v2\/users\/3"}],"replies":[{"embeddable":true,"href":"https:\/\/arroyitoonline.com.ar\/index.php?rest_route=%2Fwp%2Fv2%2Fcomments&post=9743"}],"version-history":[{"count":1,"href":"https:\/\/arroyitoonline.com.ar\/index.php?rest_route=\/wp\/v2\/posts\/9743\/revisions"}],"predecessor-version":[{"id":9746,"href":"https:\/\/arroyitoonline.com.ar\/index.php?rest_route=\/wp\/v2\/posts\/9743\/revisions\/9746"}],"wp:featuredmedia":[{"embeddable":true,"href":"https:\/\/arroyitoonline.com.ar\/index.php?rest_route=\/wp\/v2\/media\/2563"}],"wp:attachment":[{"href":"https:\/\/arroyitoonline.com.ar\/index.php?rest_route=%2Fwp%2Fv2%2Fmedia&parent=9743"}],"wp:term":[{"taxonomy":"category","embeddable":true,"href":"https:\/\/arroyitoonline.com.ar\/index.php?rest_route=%2Fwp%2Fv2%2Fcategories&post=9743"},{"taxonomy":"post_tag","embeddable":true,"href":"https:\/\/arroyitoonline.com.ar\/index.php?rest_route=%2Fwp%2Fv2%2Ftags&post=9743"}],"curies":[{"name":"wp","href":"https:\/\/api.w.org\/{rel}","templated":true}]}}