{"id":9788,"date":"2020-08-16T18:10:27","date_gmt":"2020-08-16T18:10:27","guid":{"rendered":"https:\/\/arroyitoonline.com.ar\/?p=9788"},"modified":"2020-08-16T18:13:21","modified_gmt":"2020-08-16T18:13:21","slug":"graciela-tristany-se-reunio-con-benedetti-y-se-puso-a-disposicion-para-trabajar-por-la-ciudad","status":"publish","type":"post","link":"https:\/\/arroyitoonline.com.ar\/?p=9788","title":{"rendered":"Graciela Tristany se reuni\u00f3 con Benedetti y se puso a disposici\u00f3n para trabajar por la ciudad"},"content":{"rendered":"\n<p><strong>M\u00e1s all\u00e1 de la dif\u00edcil situaci\u00f3n en curso por la pandemia, el actual intendente integrar\u00e1, a la exviceintendenta, a la gesti\u00f3n municipal.<\/strong><\/p>\n\n\n\n<p>En el transcurso de la semana pasada, el intendente municipal, Gustavo Benedetti, recibi\u00f3 a la exviceintendenta, Graciela Tristany, en la sala de gabinete, quien se puso a disposici\u00f3n para trabajar por la ciudad.<\/p>\n\n\n\n<p>M\u00e1s all\u00e1 de la dif\u00edcil situaci\u00f3n en curso por la pandemia, Benedetti la integrar\u00e1 a la gesti\u00f3n municipal. Ella coordin\u00f3 el Consejo de la Mujer y la Casa del Estudiante en C\u00f3rdoba.<\/p>\n\n\n\n<p>De la reuni\u00f3n, tambi\u00e9n participaron la actual viceintendenta, Mar\u00eda Jos\u00e9 Esp\u00f3sito; el exconcejal, Javier Novara; el coordinador de Gabinete, Mart\u00edn Ar\u00e9valo, y el Tribuno de Cuentas, Horacio Parmigiani.<\/p>\n\n\n\n<p>Fuente: Comunicaci\u00f3n y Protocolo del Gobierno Municipal. <\/p>\n","protected":false},"excerpt":{"rendered":"<p>M\u00e1s all\u00e1 de la dif\u00edcil situaci\u00f3n en curso por la pandemia, el actual intendente integrar\u00e1, a la exviceintendenta, a la&hellip;<\/p>\n","protected":false},"author":3,"featured_media":9789,"comment_status":"closed","ping_status":"open","sticky":false,"template":"","format":"standard","meta":{"footnotes":""},"categories":[8],"tags":[66,67,836,115,1102,968,572],"class_list":["post-9788","post","type-post","status-publish","format-standard","has-post-thumbnail","hentry","category-politica","tag-arroyito","tag-arroyito-cordoba","tag-arroyito-online","tag-benedetti","tag-gobierno-municipal","tag-gustavo-benedetti","tag-noticias-de-arroyito-y-zona"],"_links":{"self":[{"href":"https:\/\/arroyitoonline.com.ar\/index.php?rest_route=\/wp\/v2\/posts\/9788","targetHints":{"allow":["GET"]}}],"collection":[{"href":"https:\/\/arroyitoonline.com.ar\/index.php?rest_route=\/wp\/v2\/posts"}],"about":[{"href":"https:\/\/arroyitoonline.com.ar\/index.php?rest_route=\/wp\/v2\/types\/post"}],"author":[{"embeddable":true,"href":"https:\/\/arroyitoonline.com.ar\/index.php?rest_route=\/wp\/v2\/users\/3"}],"replies":[{"embeddable":true,"href":"https:\/\/arroyitoonline.com.ar\/index.php?rest_route=%2Fwp%2Fv2%2Fcomments&post=9788"}],"version-history":[{"count":2,"href":"https:\/\/arroyitoonline.com.ar\/index.php?rest_route=\/wp\/v2\/posts\/9788\/revisions"}],"predecessor-version":[{"id":9791,"href":"https:\/\/arroyitoonline.com.ar\/index.php?rest_route=\/wp\/v2\/posts\/9788\/revisions\/9791"}],"wp:featuredmedia":[{"embeddable":true,"href":"https:\/\/arroyitoonline.com.ar\/index.php?rest_route=\/wp\/v2\/media\/9789"}],"wp:attachment":[{"href":"https:\/\/arroyitoonline.com.ar\/index.php?rest_route=%2Fwp%2Fv2%2Fmedia&parent=9788"}],"wp:term":[{"taxonomy":"category","embeddable":true,"href":"https:\/\/arroyitoonline.com.ar\/index.php?rest_route=%2Fwp%2Fv2%2Fcategories&post=9788"},{"taxonomy":"post_tag","embeddable":true,"href":"https:\/\/arroyitoonline.com.ar\/index.php?rest_route=%2Fwp%2Fv2%2Ftags&post=9788"}],"curies":[{"name":"wp","href":"https:\/\/api.w.org\/{rel}","templated":true}]}}