{"id":9795,"date":"2020-08-16T20:20:24","date_gmt":"2020-08-16T20:20:24","guid":{"rendered":"https:\/\/arroyitoonline.com.ar\/?p=9795"},"modified":"2020-08-16T20:20:37","modified_gmt":"2020-08-16T20:20:37","slug":"mes-de-las-infancias-el-gobierno-municipal-envio-un-saludo-por-el-dia-de-la-ninez","status":"publish","type":"post","link":"https:\/\/arroyitoonline.com.ar\/?p=9795","title":{"rendered":"Mes de las Infancias: el Gobierno Municipal envi\u00f3 un saludo por el D\u00eda de la Ni\u00f1ez"},"content":{"rendered":"\n<p><strong>Adem\u00e1s avisaron que sigue vigente el sorteo, que se realizar\u00e1 el domingo 30 de agosto, al que se accede depositando dibujos en buzones distribuidos en \u00e1reas municipales.<\/strong><\/p>\n\n\n\n<p>El Gobierno Municipal saluda, con mucha alegr\u00eda, a los m\u00e1s peque\u00f1os en este d\u00eda. <em>&#8220;Los ni\u00f1os y las ni\u00f1as de nuestra ciudad tienen derechos, por los que trabajamos cada d\u00eda, con mucho esfuerzo desde diferentes \u00e1reas municipales&#8221;<\/em>, expresaron desde la actual gesti\u00f3n.<\/p>\n\n\n\n<figure class=\"wp-block-image size-large\"><img loading=\"lazy\" decoding=\"async\" width=\"1024\" height=\"1024\" src=\"https:\/\/arroyitoonline.com.ar\/wp-content\/uploads\/2020\/08\/MES-DE-LAS-INFANCIAS-1024x1024.jpeg\" alt=\"\" class=\"wp-image-9796\" srcset=\"https:\/\/arroyitoonline.com.ar\/wp-content\/uploads\/2020\/08\/MES-DE-LAS-INFANCIAS-1024x1024.jpeg 1024w, https:\/\/arroyitoonline.com.ar\/wp-content\/uploads\/2020\/08\/MES-DE-LAS-INFANCIAS-300x300.jpeg 300w, https:\/\/arroyitoonline.com.ar\/wp-content\/uploads\/2020\/08\/MES-DE-LAS-INFANCIAS-150x150.jpeg 150w, https:\/\/arroyitoonline.com.ar\/wp-content\/uploads\/2020\/08\/MES-DE-LAS-INFANCIAS-768x768.jpeg 768w, https:\/\/arroyitoonline.com.ar\/wp-content\/uploads\/2020\/08\/MES-DE-LAS-INFANCIAS.jpeg 1280w\" sizes=\"auto, (max-width: 1024px) 100vw, 1024px\" \/><\/figure>\n\n\n\n<p>Y agregaron que <em>&#8220;Hoy queremos mostrarles el trabajo que hizo el Consejo de Ni\u00f1os y Ni\u00f1as de nuestra ciudad, durante la pandemia y, desde la virtualidad, trabajando el juego, la autonom\u00eda y la participaci\u00f3n de los m\u00e1s peque\u00f1os&#8221;<\/em>.<\/p>\n\n\n\n<figure class=\"wp-block-embed-youtube wp-block-embed is-type-video is-provider-youtube wp-embed-aspect-16-9 wp-has-aspect-ratio\"><div class=\"wp-block-embed__wrapper\">\n<div class=\"epyt-video-wrapper\"><iframe loading=\"lazy\"  style=\"display: block; margin: 0px auto;\"  id=\"_ytid_53242\"  width=\"1140\" height=\"641\"  data-origwidth=\"1140\" data-origheight=\"641\" src=\"https:\/\/www.youtube.com\/embed\/TKE1g5uE5ls?enablejsapi=1&#038;autoplay=0&#038;cc_load_policy=1&#038;cc_lang_pref=&#038;iv_load_policy=3&#038;loop=0&#038;rel=1&#038;fs=1&#038;playsinline=0&#038;autohide=2&#038;theme=dark&#038;color=red&#038;controls=1&#038;disablekb=0&#038;\" class=\"__youtube_prefs__  epyt-is-override  no-lazyload\" title=\"YouTube player\"  allow=\"fullscreen; accelerometer; autoplay; clipboard-write; encrypted-media; gyroscope; picture-in-picture; web-share\" referrerpolicy=\"strict-origin-when-cross-origin\" allowfullscreen data-no-lazy=\"1\" data-skipgform_ajax_framebjll=\"\"><\/iframe><\/div>\n<\/div><\/figure>\n\n\n\n<p>Todas las \u00e1reas municipales trabajan en la celebraci\u00f3n de este d\u00eda, que se realizar\u00e1 a trav\u00e9s de un Gran Sorteo, el domingo 30 de agosto, donde los ni\u00f1os participar\u00e1n, por medio de un DIBUJO con su nombre. Los dibujos deben dejarse en los BUZONES que se encuentran en dependencias municipales.<\/p>\n\n\n\n<p>Fuente: Comunicaci\u00f3n y Protocolo del Gobierno Municipal. <\/p>\n","protected":false},"excerpt":{"rendered":"<p>Adem\u00e1s avisaron que sigue vigente el sorteo, que se realizar\u00e1 el domingo 30 de agosto, al que se accede depositando&hellip;<\/p>\n","protected":false},"author":3,"featured_media":9797,"comment_status":"closed","ping_status":"open","sticky":false,"template":"","format":"standard","meta":{"footnotes":""},"categories":[962],"tags":[66,67,836,70,233,1102,570,572],"class_list":["post-9795","post","type-post","status-publish","format-standard","has-post-thumbnail","hentry","category-ninez-y-adolescencia","tag-arroyito","tag-arroyito-cordoba","tag-arroyito-online","tag-arte","tag-consejo-de-ninos","tag-gobierno-municipal","tag-ninez","tag-noticias-de-arroyito-y-zona"],"_links":{"self":[{"href":"https:\/\/arroyitoonline.com.ar\/index.php?rest_route=\/wp\/v2\/posts\/9795","targetHints":{"allow":["GET"]}}],"collection":[{"href":"https:\/\/arroyitoonline.com.ar\/index.php?rest_route=\/wp\/v2\/posts"}],"about":[{"href":"https:\/\/arroyitoonline.com.ar\/index.php?rest_route=\/wp\/v2\/types\/post"}],"author":[{"embeddable":true,"href":"https:\/\/arroyitoonline.com.ar\/index.php?rest_route=\/wp\/v2\/users\/3"}],"replies":[{"embeddable":true,"href":"https:\/\/arroyitoonline.com.ar\/index.php?rest_route=%2Fwp%2Fv2%2Fcomments&post=9795"}],"version-history":[{"count":1,"href":"https:\/\/arroyitoonline.com.ar\/index.php?rest_route=\/wp\/v2\/posts\/9795\/revisions"}],"predecessor-version":[{"id":9798,"href":"https:\/\/arroyitoonline.com.ar\/index.php?rest_route=\/wp\/v2\/posts\/9795\/revisions\/9798"}],"wp:featuredmedia":[{"embeddable":true,"href":"https:\/\/arroyitoonline.com.ar\/index.php?rest_route=\/wp\/v2\/media\/9797"}],"wp:attachment":[{"href":"https:\/\/arroyitoonline.com.ar\/index.php?rest_route=%2Fwp%2Fv2%2Fmedia&parent=9795"}],"wp:term":[{"taxonomy":"category","embeddable":true,"href":"https:\/\/arroyitoonline.com.ar\/index.php?rest_route=%2Fwp%2Fv2%2Fcategories&post=9795"},{"taxonomy":"post_tag","embeddable":true,"href":"https:\/\/arroyitoonline.com.ar\/index.php?rest_route=%2Fwp%2Fv2%2Ftags&post=9795"}],"curies":[{"name":"wp","href":"https:\/\/api.w.org\/{rel}","templated":true}]}}