{"id":9799,"date":"2020-08-16T20:45:41","date_gmt":"2020-08-16T20:45:41","guid":{"rendered":"https:\/\/arroyitoonline.com.ar\/?p=9799"},"modified":"2020-08-16T20:45:44","modified_gmt":"2020-08-16T20:45:44","slug":"el-abogado-cesar-almada-capacitara-de-manera-virtual-sobre-derechos-laborales-para-personas-con-discapacidad","status":"publish","type":"post","link":"https:\/\/arroyitoonline.com.ar\/?p=9799","title":{"rendered":"El abogado C\u00e9sar Almada capacitar\u00e1 de manera virtual sobre \u201cDerechos Laborales para Personas con Discapacidad\u201d"},"content":{"rendered":"\n<p><strong>La charla, que se transmitir\u00e1 v\u00eda ZOOM, ser\u00e1 este viernes 21 de agosto a las 13:00 horas. <\/strong><\/p>\n\n\n\n<p>El pr\u00f3ximo viernes 21 de agosto se realizar\u00e1 una nueva experiencia virtual denominada <em>\u201cDerechos Laborales para Personas con Discapacidad\u201d<\/em>.<\/p>\n\n\n\n<p>En el marco del Programa Municipal: Ideas en Acci\u00f3n, mediante el Proyecto <em>\u201cDerribando mitos, trabajando en la diversidad\u201d<\/em> -presentado por vecinas de nuestra ciudad-, el abogado local C\u00e9sar Almada, especializado en Marco Legal para personas con Discapacidad, brindar\u00e1 una charla sobre asuntos legales a la hora de efectuar contrataciones y beneficios, obligaciones y responsabilidades del empleador.<\/p>\n\n\n\n<figure class=\"wp-block-image size-large\"><img loading=\"lazy\" decoding=\"async\" width=\"1024\" height=\"1024\" src=\"https:\/\/arroyitoonline.com.ar\/wp-content\/uploads\/2020\/08\/Derechos-laborales-para-personas-con-discapacidad-1024x1024.jpg\" alt=\"\" class=\"wp-image-9801\" srcset=\"https:\/\/arroyitoonline.com.ar\/wp-content\/uploads\/2020\/08\/Derechos-laborales-para-personas-con-discapacidad-1024x1024.jpg 1024w, https:\/\/arroyitoonline.com.ar\/wp-content\/uploads\/2020\/08\/Derechos-laborales-para-personas-con-discapacidad-300x300.jpg 300w, https:\/\/arroyitoonline.com.ar\/wp-content\/uploads\/2020\/08\/Derechos-laborales-para-personas-con-discapacidad-150x150.jpg 150w, https:\/\/arroyitoonline.com.ar\/wp-content\/uploads\/2020\/08\/Derechos-laborales-para-personas-con-discapacidad-768x768.jpg 768w, https:\/\/arroyitoonline.com.ar\/wp-content\/uploads\/2020\/08\/Derechos-laborales-para-personas-con-discapacidad-1536x1536.jpg 1536w, https:\/\/arroyitoonline.com.ar\/wp-content\/uploads\/2020\/08\/Derechos-laborales-para-personas-con-discapacidad-scaled.jpg 2048w\" sizes=\"auto, (max-width: 1024px) 100vw, 1024px\" \/><\/figure>\n\n\n\n<p>La charla, articulada por la Secretar\u00eda de Modernizaci\u00f3n y Control de Gesti\u00f3n, la oficina de Discapacidad y Accesibilidad, y la oficina de Empleo, se transmitir\u00e1 v\u00eda ZOOM, el viernes 21 de agosto, a las 13:00 horas. <\/p>\n\n\n\n<p>Para inscribirte complet\u00e1 el formulario o comun\u00edcate con la oficina de Empleo, a los n\u00fameros de tel\u00e9fono 03576 15411306 \/ 15510410.<\/p>\n\n\n\n<p><strong>Formulario:&nbsp;<\/strong><a href=\"https:\/\/zoom.us\/meeting\/register\/tJMscOmorj4vGNywDfy0sJCUu1K1LIDnhW8f\">\/\/zoom.us\/meeting\/register\/tJMscOmorj4vGNywDfy0sJCUu1K1LIDnhW8f<\/a><\/p>\n\n\n\n<p>Fuente: Comunicaci\u00f3n y Protocolo del Gobierno Municipal.<\/p>\n","protected":false},"excerpt":{"rendered":"<p>La charla, que se transmitir\u00e1 v\u00eda ZOOM, ser\u00e1 este viernes 21 de agosto a las 13:00 horas. El pr\u00f3ximo viernes&hellip;<\/p>\n","protected":false},"author":3,"featured_media":9800,"comment_status":"closed","ping_status":"open","sticky":false,"template":"","format":"standard","meta":{"footnotes":""},"categories":[1097],"tags":[66,67,836,186,296,310,1102,572],"class_list":["post-9799","post","type-post","status-publish","format-standard","has-post-thumbnail","hentry","category-discapacidad","tag-arroyito","tag-arroyito-cordoba","tag-arroyito-online","tag-charla","tag-discapacidad","tag-educacion","tag-gobierno-municipal","tag-noticias-de-arroyito-y-zona"],"_links":{"self":[{"href":"https:\/\/arroyitoonline.com.ar\/index.php?rest_route=\/wp\/v2\/posts\/9799","targetHints":{"allow":["GET"]}}],"collection":[{"href":"https:\/\/arroyitoonline.com.ar\/index.php?rest_route=\/wp\/v2\/posts"}],"about":[{"href":"https:\/\/arroyitoonline.com.ar\/index.php?rest_route=\/wp\/v2\/types\/post"}],"author":[{"embeddable":true,"href":"https:\/\/arroyitoonline.com.ar\/index.php?rest_route=\/wp\/v2\/users\/3"}],"replies":[{"embeddable":true,"href":"https:\/\/arroyitoonline.com.ar\/index.php?rest_route=%2Fwp%2Fv2%2Fcomments&post=9799"}],"version-history":[{"count":1,"href":"https:\/\/arroyitoonline.com.ar\/index.php?rest_route=\/wp\/v2\/posts\/9799\/revisions"}],"predecessor-version":[{"id":9802,"href":"https:\/\/arroyitoonline.com.ar\/index.php?rest_route=\/wp\/v2\/posts\/9799\/revisions\/9802"}],"wp:featuredmedia":[{"embeddable":true,"href":"https:\/\/arroyitoonline.com.ar\/index.php?rest_route=\/wp\/v2\/media\/9800"}],"wp:attachment":[{"href":"https:\/\/arroyitoonline.com.ar\/index.php?rest_route=%2Fwp%2Fv2%2Fmedia&parent=9799"}],"wp:term":[{"taxonomy":"category","embeddable":true,"href":"https:\/\/arroyitoonline.com.ar\/index.php?rest_route=%2Fwp%2Fv2%2Fcategories&post=9799"},{"taxonomy":"post_tag","embeddable":true,"href":"https:\/\/arroyitoonline.com.ar\/index.php?rest_route=%2Fwp%2Fv2%2Ftags&post=9799"}],"curies":[{"name":"wp","href":"https:\/\/api.w.org\/{rel}","templated":true}]}}