{"id":9809,"date":"2020-08-17T02:23:12","date_gmt":"2020-08-17T02:23:12","guid":{"rendered":"https:\/\/arroyitoonline.com.ar\/?p=9809"},"modified":"2020-08-17T02:23:15","modified_gmt":"2020-08-17T02:23:15","slug":"el-gobierno-municipal-entrego-un-suncho-de-rescate-por-su-colaboracion-en-el-20-desafio-del-xanaes","status":"publish","type":"post","link":"https:\/\/arroyitoonline.com.ar\/?p=9809","title":{"rendered":"El Gobierno Municipal entreg\u00f3 un suncho de rescate, por su colaboraci\u00f3n en el 20\u00b0 Desaf\u00edo del Xanaes"},"content":{"rendered":"\n<p><strong>El reconocimiento a la instituci\u00f3n, que en todas las ediciones del evento deportivo trabaja en el sector acu\u00e1tico de kayaks y piraguas, se demor\u00f3 por la emergencia sanitaria.<\/strong><\/p>\n\n\n\n<p>D\u00edas pasados, el intendente municipal, Gustavo Benedetti, entreg\u00f3 a Bomberos Voluntarios de Arroyito un suncho de rescate, por la colaboraci\u00f3n y el trabajo puestos de manifiesto por la Divisi\u00f3n de Rescate Acu\u00e1tico, en el 20\u00b0 Desaf\u00edo del Xanaes.<\/p>\n\n\n\n<p>Este reconocimiento fue postergado, por la situaci\u00f3n de emergencia sanitaria declarada despu\u00e9s del evento deportivo. Cabe destacar que Bomberos ha trabajado, en el sector acu\u00e1tico de kayaks y piraguas, en todas las ediciones del Desaf\u00edo.<\/p>\n\n\n\n<p>Desde el Gobierno Municipal agradecieron <em>&#8220;su predisposici\u00f3n y vocaci\u00f3n de servicio constantes&#8221;<\/em>.<\/p>\n\n\n\n<figure class=\"wp-block-image\"><img decoding=\"async\" src=\"https:\/\/www.municipioarroyito.gob.ar\/wp-content\/uploads\/2020\/08\/WhatsApp-Image-2020-08-11-at-1.07.21-PM-1-1024x576.jpeg\" alt=\"\" class=\"wp-image-28647\"\/><\/figure>\n\n\n\n<p>Recibieron de manos Benedetti: el Suboficial Principal Carlos Carnevale y Rodrigo Carnevale. Estuvieron presentes en la entrega: la viceintendenta, Mar\u00eda Jos\u00e9 Esp\u00f3sito; la directora de Deportes, Alejandra Parrucci; el Coordinador de Centros Vecinales, Mart\u00edn Emilio, y el coordinador de Turismo, Santiago Ferreira.<\/p>\n\n\n\n<p>Fuente: Comunicaci\u00f3n y Protocolo del Gobierno Municipal. <\/p>\n","protected":false},"excerpt":{"rendered":"<p>El reconocimiento a la instituci\u00f3n, que en todas las ediciones del evento deportivo trabaja en el sector acu\u00e1tico de kayaks&hellip;<\/p>\n","protected":false},"author":3,"featured_media":9810,"comment_status":"closed","ping_status":"open","sticky":false,"template":"","format":"standard","meta":{"footnotes":""},"categories":[829],"tags":[66,67,836,115,127,128,1102,556,572],"class_list":["post-9809","post","type-post","status-publish","format-standard","has-post-thumbnail","hentry","category-municipales-online","tag-arroyito","tag-arroyito-cordoba","tag-arroyito-online","tag-benedetti","tag-bomberos-arroyito","tag-bomberos-de-arroyito","tag-gobierno-municipal","tag-municipalidad-de-arroyito","tag-noticias-de-arroyito-y-zona"],"_links":{"self":[{"href":"https:\/\/arroyitoonline.com.ar\/index.php?rest_route=\/wp\/v2\/posts\/9809","targetHints":{"allow":["GET"]}}],"collection":[{"href":"https:\/\/arroyitoonline.com.ar\/index.php?rest_route=\/wp\/v2\/posts"}],"about":[{"href":"https:\/\/arroyitoonline.com.ar\/index.php?rest_route=\/wp\/v2\/types\/post"}],"author":[{"embeddable":true,"href":"https:\/\/arroyitoonline.com.ar\/index.php?rest_route=\/wp\/v2\/users\/3"}],"replies":[{"embeddable":true,"href":"https:\/\/arroyitoonline.com.ar\/index.php?rest_route=%2Fwp%2Fv2%2Fcomments&post=9809"}],"version-history":[{"count":1,"href":"https:\/\/arroyitoonline.com.ar\/index.php?rest_route=\/wp\/v2\/posts\/9809\/revisions"}],"predecessor-version":[{"id":9811,"href":"https:\/\/arroyitoonline.com.ar\/index.php?rest_route=\/wp\/v2\/posts\/9809\/revisions\/9811"}],"wp:featuredmedia":[{"embeddable":true,"href":"https:\/\/arroyitoonline.com.ar\/index.php?rest_route=\/wp\/v2\/media\/9810"}],"wp:attachment":[{"href":"https:\/\/arroyitoonline.com.ar\/index.php?rest_route=%2Fwp%2Fv2%2Fmedia&parent=9809"}],"wp:term":[{"taxonomy":"category","embeddable":true,"href":"https:\/\/arroyitoonline.com.ar\/index.php?rest_route=%2Fwp%2Fv2%2Fcategories&post=9809"},{"taxonomy":"post_tag","embeddable":true,"href":"https:\/\/arroyitoonline.com.ar\/index.php?rest_route=%2Fwp%2Fv2%2Ftags&post=9809"}],"curies":[{"name":"wp","href":"https:\/\/api.w.org\/{rel}","templated":true}]}}