{"id":9858,"date":"2020-08-19T22:51:45","date_gmt":"2020-08-19T22:51:45","guid":{"rendered":"https:\/\/arroyitoonline.com.ar\/?p=9858"},"modified":"2020-08-19T22:51:47","modified_gmt":"2020-08-19T22:51:47","slug":"ciclo-de-teatro-ninos-en-escena-ya-esta-disponible-la-segunda-funcion","status":"publish","type":"post","link":"https:\/\/arroyitoonline.com.ar\/?p=9858","title":{"rendered":"Ciclo de Teatro &#8220;Ni\u00f1os en Escena&#8221;: ya est\u00e1 disponible la segunda funci\u00f3n"},"content":{"rendered":"\n<p><strong>No te pierdas cada entrega, los mi\u00e9rcoles de agosto a las 11:00 horas, en Facebook Secretar\u00eda de Educaci\u00f3n y Cultura de Arroyito \u2013 Casa de la Cultura.<\/strong><\/p>\n\n\n\n<p>En el Mes de las Infancias, el Programa Arroyito Ciudad de Ni\u00f1os y Ni\u00f1as, y todas las \u00e1reas municipales del Gobierno, invitan a la poblaci\u00f3n a que participe del Ciclo de Teatro &#8220;Ni\u00f1os en Escena&#8221;.<\/p>\n\n\n\n<figure class=\"wp-block-image\"><img loading=\"lazy\" decoding=\"async\" width=\"1024\" height=\"1024\" src=\"https:\/\/arroyitoonline.com.ar\/wp-content\/uploads\/2020\/08\/mes-de-las-infancias-teatro-1024x1024.jpeg\" alt=\"\" class=\"wp-image-9813\" srcset=\"https:\/\/arroyitoonline.com.ar\/wp-content\/uploads\/2020\/08\/mes-de-las-infancias-teatro-1024x1024.jpeg 1024w, https:\/\/arroyitoonline.com.ar\/wp-content\/uploads\/2020\/08\/mes-de-las-infancias-teatro-300x300.jpeg 300w, https:\/\/arroyitoonline.com.ar\/wp-content\/uploads\/2020\/08\/mes-de-las-infancias-teatro-150x150.jpeg 150w, https:\/\/arroyitoonline.com.ar\/wp-content\/uploads\/2020\/08\/mes-de-las-infancias-teatro-768x768.jpeg 768w, https:\/\/arroyitoonline.com.ar\/wp-content\/uploads\/2020\/08\/mes-de-las-infancias-teatro.jpeg 1280w\" sizes=\"auto, (max-width: 1024px) 100vw, 1024px\" \/><\/figure>\n\n\n\n<p>En la funci\u00f3n de hoy, presentan interpretaciones musicales, escenas de pel\u00edculas, sketch divertidos, danzas, mensajes emotivos, tiktoks y auspiciantes muy ocurrentes.<\/p>\n\n\n\n<figure class=\"wp-block-embed-youtube wp-block-embed is-type-video is-provider-youtube wp-embed-aspect-16-9 wp-has-aspect-ratio\"><div class=\"wp-block-embed__wrapper\">\n<div class=\"epyt-video-wrapper\"><iframe loading=\"lazy\"  style=\"display: block; margin: 0px auto;\"  id=\"_ytid_29921\"  width=\"1140\" height=\"641\"  data-origwidth=\"1140\" data-origheight=\"641\" src=\"https:\/\/www.youtube.com\/embed\/yWpLjzvd__A?enablejsapi=1&#038;autoplay=0&#038;cc_load_policy=1&#038;cc_lang_pref=&#038;iv_load_policy=3&#038;loop=0&#038;rel=1&#038;fs=1&#038;playsinline=0&#038;autohide=2&#038;theme=dark&#038;color=red&#038;controls=1&#038;disablekb=0&#038;\" class=\"__youtube_prefs__  epyt-is-override  no-lazyload\" title=\"YouTube player\"  allow=\"fullscreen; accelerometer; autoplay; clipboard-write; encrypted-media; gyroscope; picture-in-picture; web-share\" referrerpolicy=\"strict-origin-when-cross-origin\" allowfullscreen data-no-lazy=\"1\" data-skipgform_ajax_framebjll=\"\"><\/iframe><\/div>\n<\/div><\/figure>\n\n\n\n<p>Los artistas de este d\u00eda son ni\u00f1os y adolescentes de la Casa de la Cultura que participan en el Taller de Teatro Municipal coordinado por las profesoras Ayel\u00e9n Juan y Sabrina Trangoni.<\/p>\n\n\n\n<p>Desde el Gobierno Municipal <em>&#8220;agradecemos profundamente a quienes han participado en la funci\u00f3n del d\u00eda de hoy&#8221;<\/em>.<\/p>\n\n\n\n<p>\u00a1Agosto es el Mes de las Infancias y se celebra con todo!<br>\u00a1No te pierdas estas divertidas propuestas!<\/p>\n\n\n\n<p>Fuente: Comunicaci\u00f3n y Protocolo del Gobierno Municipal.<\/p>\n","protected":false},"excerpt":{"rendered":"<p>No te pierdas cada entrega, los mi\u00e9rcoles de agosto a las 11:00 horas, en Facebook Secretar\u00eda de Educaci\u00f3n y Cultura&hellip;<\/p>\n","protected":false},"author":3,"featured_media":9814,"comment_status":"closed","ping_status":"open","sticky":false,"template":"","format":"standard","meta":{"footnotes":""},"categories":[2],"tags":[66,67,836,259,864,351,1102,570,572,756],"class_list":["post-9858","post","type-post","status-publish","format-standard","has-post-thumbnail","hentry","category-cultura-y-espectaculos","tag-arroyito","tag-arroyito-cordoba","tag-arroyito-online","tag-cultura","tag-cultura-y-espectaculos-online","tag-espectaculos","tag-gobierno-municipal","tag-ninez","tag-noticias-de-arroyito-y-zona","tag-teatro"],"_links":{"self":[{"href":"https:\/\/arroyitoonline.com.ar\/index.php?rest_route=\/wp\/v2\/posts\/9858","targetHints":{"allow":["GET"]}}],"collection":[{"href":"https:\/\/arroyitoonline.com.ar\/index.php?rest_route=\/wp\/v2\/posts"}],"about":[{"href":"https:\/\/arroyitoonline.com.ar\/index.php?rest_route=\/wp\/v2\/types\/post"}],"author":[{"embeddable":true,"href":"https:\/\/arroyitoonline.com.ar\/index.php?rest_route=\/wp\/v2\/users\/3"}],"replies":[{"embeddable":true,"href":"https:\/\/arroyitoonline.com.ar\/index.php?rest_route=%2Fwp%2Fv2%2Fcomments&post=9858"}],"version-history":[{"count":1,"href":"https:\/\/arroyitoonline.com.ar\/index.php?rest_route=\/wp\/v2\/posts\/9858\/revisions"}],"predecessor-version":[{"id":9860,"href":"https:\/\/arroyitoonline.com.ar\/index.php?rest_route=\/wp\/v2\/posts\/9858\/revisions\/9860"}],"wp:featuredmedia":[{"embeddable":true,"href":"https:\/\/arroyitoonline.com.ar\/index.php?rest_route=\/wp\/v2\/media\/9814"}],"wp:attachment":[{"href":"https:\/\/arroyitoonline.com.ar\/index.php?rest_route=%2Fwp%2Fv2%2Fmedia&parent=9858"}],"wp:term":[{"taxonomy":"category","embeddable":true,"href":"https:\/\/arroyitoonline.com.ar\/index.php?rest_route=%2Fwp%2Fv2%2Fcategories&post=9858"},{"taxonomy":"post_tag","embeddable":true,"href":"https:\/\/arroyitoonline.com.ar\/index.php?rest_route=%2Fwp%2Fv2%2Ftags&post=9858"}],"curies":[{"name":"wp","href":"https:\/\/api.w.org\/{rel}","templated":true}]}}