{"id":9861,"date":"2020-08-19T23:15:30","date_gmt":"2020-08-19T23:15:30","guid":{"rendered":"https:\/\/arroyitoonline.com.ar\/?p=9861"},"modified":"2020-08-19T23:15:32","modified_gmt":"2020-08-19T23:15:32","slug":"los-incendios-forestales-no-dan-tregua-y-bomberos-trabajan-extinguiendolos","status":"publish","type":"post","link":"https:\/\/arroyitoonline.com.ar\/?p=9861","title":{"rendered":"Los incendios forestales no dan tregua y Bomberos trabajan extingui\u00e9ndolos"},"content":{"rendered":"\n<p><strong>Mientras apagaban un incendio de vegetaci\u00f3n en zona rural al sureste de la ciudad, les informaron que a un kil\u00f3metro se registraba otro siniestro en el patio de una vivienda en construcci\u00f3n.<\/strong><\/p>\n\n\n\n<p>En horas del mediod\u00eda de ayer, una dotaci\u00f3n de Bomberos a cargo del cabo BV Elcides Schott, trabaj\u00f3 en un incendio de vegetaci\u00f3n en zona rural, al sureste de la ciudad.<\/p>\n\n\n\n<p>All\u00ed, la banquina de un camino rural, a lo largo de 200 metros, hab\u00eda tomado fuego ingresando en algunos puntos a un campo de rastrojo. Por fortuna, los voluntarios extinguieron el fuego y evitaron mayores da\u00f1os en ese campo.<\/p>\n\n\n\n<figure><iframe loading=\"lazy\" src=\"https:\/\/www.facebook.com\/plugins\/post.php?href=https%3A%2F%2Fwww.facebook.com%2Fbomberosarroyito%2Fposts%2F3202253106537174&amp;width=500\" width=\"500\" height=\"871\"><\/iframe><\/figure>\n\n\n\n<p>Cuando terminaban las labores en ese siniestro, la guardia de Bomberos recibi\u00f3 un llamado informando de un nuevo foco de incendio a la altura del Km 217 de la ruta 19, en el patio de una vivienda en construcci\u00f3n. <\/p>\n\n\n\n<p>Este segundo incendio se localizaba a solo un kil\u00f3metro de donde se encontraba el personal por lo que, en pocos minutos, ya estaban presentes apagando el fuego, donde concluyeron labores alrededor de las 14:00 horas. <\/p>\n\n\n\n<p>Fuente: Facebook Asociaci\u00f3n Bomberos Voluntarios de Arroyito.<\/p>\n","protected":false},"excerpt":{"rendered":"<p>Mientras apagaban un incendio de vegetaci\u00f3n en zona rural al sureste de la ciudad, les informaron que a un kil\u00f3metro&hellip;<\/p>\n","protected":false},"author":3,"featured_media":9862,"comment_status":"closed","ping_status":"open","sticky":false,"template":"","format":"standard","meta":{"footnotes":""},"categories":[900],"tags":[66,67,836,127,128,129,435,436,572],"class_list":["post-9861","post","type-post","status-publish","format-standard","has-post-thumbnail","hentry","category-noticias","tag-arroyito","tag-arroyito-cordoba","tag-arroyito-online","tag-bomberos-arroyito","tag-bomberos-de-arroyito","tag-bomberos-voluntarios","tag-incendio","tag-incendio-campos","tag-noticias-de-arroyito-y-zona"],"_links":{"self":[{"href":"https:\/\/arroyitoonline.com.ar\/index.php?rest_route=\/wp\/v2\/posts\/9861","targetHints":{"allow":["GET"]}}],"collection":[{"href":"https:\/\/arroyitoonline.com.ar\/index.php?rest_route=\/wp\/v2\/posts"}],"about":[{"href":"https:\/\/arroyitoonline.com.ar\/index.php?rest_route=\/wp\/v2\/types\/post"}],"author":[{"embeddable":true,"href":"https:\/\/arroyitoonline.com.ar\/index.php?rest_route=\/wp\/v2\/users\/3"}],"replies":[{"embeddable":true,"href":"https:\/\/arroyitoonline.com.ar\/index.php?rest_route=%2Fwp%2Fv2%2Fcomments&post=9861"}],"version-history":[{"count":1,"href":"https:\/\/arroyitoonline.com.ar\/index.php?rest_route=\/wp\/v2\/posts\/9861\/revisions"}],"predecessor-version":[{"id":9863,"href":"https:\/\/arroyitoonline.com.ar\/index.php?rest_route=\/wp\/v2\/posts\/9861\/revisions\/9863"}],"wp:featuredmedia":[{"embeddable":true,"href":"https:\/\/arroyitoonline.com.ar\/index.php?rest_route=\/wp\/v2\/media\/9862"}],"wp:attachment":[{"href":"https:\/\/arroyitoonline.com.ar\/index.php?rest_route=%2Fwp%2Fv2%2Fmedia&parent=9861"}],"wp:term":[{"taxonomy":"category","embeddable":true,"href":"https:\/\/arroyitoonline.com.ar\/index.php?rest_route=%2Fwp%2Fv2%2Fcategories&post=9861"},{"taxonomy":"post_tag","embeddable":true,"href":"https:\/\/arroyitoonline.com.ar\/index.php?rest_route=%2Fwp%2Fv2%2Ftags&post=9861"}],"curies":[{"name":"wp","href":"https:\/\/api.w.org\/{rel}","templated":true}]}}