{"id":9882,"date":"2020-08-21T21:08:25","date_gmt":"2020-08-21T21:08:25","guid":{"rendered":"https:\/\/arroyitoonline.com.ar\/?p=9882"},"modified":"2020-08-25T02:08:16","modified_gmt":"2020-08-25T02:08:16","slug":"una-beba-nacio-con-40-semanas-de-gestacion-sin-que-su-mama-supiera-que-estaba-embarazada","status":"publish","type":"post","link":"https:\/\/arroyitoonline.com.ar\/?p=9882","title":{"rendered":"Una beba naci\u00f3 con 40 semanas de gestaci\u00f3n, sin que su mam\u00e1 supiera que estaba embarazada"},"content":{"rendered":"\n<p><strong>Si bien la historia de Isabella Milagros Baz\u00e1n tuvo un final feliz, este nacimiento abre interrogantes sobre el profesionalismo en la medicina local, ya que los padres se enteraron de la llegada de la nena, minutos antes de la ces\u00e1rea.<\/strong><\/p>\n\n\n\n<p>Si de luchar, romper barreras y derribar pron\u00f3sticos se trata,&nbsp;<strong>la historia de Isabella Milagros Baz\u00e1n es un claro ejemplo de que, cuando hay ganas de vivir&nbsp;<\/strong>y de salir adelante,&nbsp;<strong>el esfuerzo tiene su premio.<\/strong><\/p>\n\n\n\n<figure class=\"wp-block-image\"><img decoding=\"async\" src=\"https:\/\/viapais.cdncimeco.com\/files\/2020\/08\/20200821005537_43583253_0_body-768x768.jpg\" alt=\"Isabella Milagros Bazan junto a Pap\u00e1 y Mam\u00e1\"\/><figcaption><em>Isabella Milagros Bazan junto a pap\u00e1 y mam\u00e1<\/em><\/figcaption><\/figure>\n\n\n\n<p><strong>Isabella Milagros Baz\u00e1n, que tiene dos meses y medio<\/strong>, naci\u00f3 el 2 de junio pasado y&nbsp;<strong>sus pap\u00e1s, Natal\u00ed Cejas&nbsp;y Gustavo Baz\u00e1n, pasaron una triste y dura historia&nbsp;<\/strong>que hoy tiene un final feliz, pero que&nbsp;<strong>abre interrogantes sobre el profesionalismo en la medicina local<\/strong>.<\/p>\n\n\n\n<p><strong>Seg\u00fan le contaron a <a rel=\"noreferrer noopener\" href=\"https:\/\/viapais.com.ar\/arroyito\/1947792-arroyito-sin-tener-conocimiento-del-embarazo-isabella-milagros-lucho-y-nacio\/\" target=\"_blank\">V\u00eda Arroyito<\/a><\/strong>, en el mes de agosto de 2019,<strong>\u00a0Natal\u00ed concurri\u00f3 a una instituci\u00f3n local de consultorios m\u00e9dicos<\/strong>\u00a0de Arroyito para que la atendiera un profesional de la salud\u00a0<strong>por un control ginecol\u00f3gico<\/strong>.\u00a0<strong>All\u00ed, una m\u00e9dica\u00a0le sugiri\u00f3 hacerse una serie de estudios<\/strong>, mediante los cuales le detect\u00f3 supuestas anomal\u00edas, en las cuales se bas\u00f3 el tratamiento.\u00a0<strong>Pero, su\u00a0embarazo no fue detectado hasta horas antes del parto.<\/strong><\/p>\n\n\n\n<p><strong>Gustavo, el pap\u00e1 de Isabella Milagros<\/strong>\u00a0le coment\u00f3 a V\u00eda Arroyito que <em>\u201c<strong>luego de realizarse los estudios solicitados, la profesional sigui\u00f3 atendiendo con frecuencia a Natal\u00ed<\/strong>. Tras varias consultas presenciales<strong>, le solicit\u00f3 an\u00e1lisis de sangre y orina en el mes de diciembre. Nunca detect\u00f3 el embarazo de mi esposa<\/strong>\u201c<\/em>.<\/p>\n\n\n\n<p>En el mes de enero, sigui\u00f3 con estudios que arrojaban resultados normales. <em><strong>\u201cEn los an\u00e1lisis de sangre, el resultado de la prolactina, que es el estimulador de producci\u00f3n de leche materna, hab\u00eda dado en par\u00e1metros de embarazada&nbsp;<\/strong>pero la doctora, negando el embarazo,<strong>&nbsp;tom\u00f3 este exceso como un problema e indicaba que ten\u00eda que bajar<\/strong>&nbsp;la misma\u201d<\/em>, dijo Gustavo.<\/p>\n\n\n\n<figure class=\"wp-block-image\"><img decoding=\"async\" src=\"https:\/\/viapais.cdncimeco.com\/files\/2020\/08\/20200821005538_43583108_0_body.jpg\" alt=\"Isabella Milagros Bazan luch\u00f3 y naci\u00f3 en Arroyito\"\/><figcaption><em>Isabella Milagros Bazan luch\u00f3 y naci\u00f3 en Arroyito<\/em><\/figcaption><\/figure>\n\n\n\n<p>En<strong> Febrero, la m\u00e9dica le sugiri\u00f3 que se hiciera una resonancia para analizarle una gl\u00e1ndula cerebral<\/strong>&nbsp;que produce la prolactina. Una vez hecho el estudio,&nbsp;<strong>el neur\u00f3logo vio que todos los resultados estaban bien<\/strong>. Luego de eso, <em><strong>&#8220;la ginec\u00f3loga envi\u00f3 a que se haga de nuevo los an\u00e1lisis de sangre y orina, en los cuales la prolactina sigui\u00f3 subiendo a pasos agigantados<\/strong>&nbsp;y comenz\u00f3 la medicaci\u00f3n para lograr bajarla\u201d<\/em>, sigui\u00f3 explicando el pap\u00e1 de la peque\u00f1a luchadora.<\/p>\n\n\n\n<p><strong>El tratamiento tambien inclu\u00eda una infecci\u00f3n urinaria<\/strong>&nbsp;y, cuando finaliz\u00f3 la medicaci\u00f3n, <strong>deb\u00edan realizarse nuevos estudios en el mes de julio<\/strong>, para ver si se normalizaban los par\u00e1metros de prolactina y de la infecci\u00f3n urinaria.<\/p>\n\n\n\n<p><em>\u201cComo\u00a0<strong>comenz\u00f3 la cuarentena, la atenci\u00f3n de los \u00faltimos d\u00edas del mes mayo fue a trav\u00e9s de la red social Instagram, <\/strong>por sugerencia de la misma m\u00e9dica.\u00a0<strong>Por ese medio enviaba los pasos que deb\u00eda seguir Natal\u00ed<\/strong>\u00a0hasta que, <strong>en la \u00faltima consulta enviada seis d\u00edas antes del parto, desde el consultorio no respondieron m\u00e1s<\/strong>\u201c<\/em>, agreg\u00f3 Gustavo.<\/p>\n\n\n\n<p>Entre la cuarentena y las restricciones, <strong>Natal\u00ed comenz\u00f3 a sentir fuertes dolores el 1 de junio a las 20:00 horas. Por eso, su pareja la llev\u00f3 a la guardia de la Cl\u00ednica Regional. En la guardia, la doctora le puso un inyectable, le dieron Sertal cada seis horas si el dolor continuaba, y la dejaron ir a su casa<\/strong>.<\/p>\n\n\n\n<p>Natal\u00ed tambi\u00e9n le expres\u00f3 a V\u00eda Arroyito que <em>\u201c<strong>Esa noche no pude dormir de los dolores. Gustavo me llev\u00f3 a las nueve del 2 de Junio al Hospital Carlos Rodr\u00edguez,<\/strong>&nbsp;pero no lo dejaron entrar por el protocolo de Covid-19<strong>. Cuando la doctora que estaba de guardia me revis\u00f3, pidi\u00f3 una ecograf\u00eda urgente y detect\u00f3 el embarazo de 40 semanas de gestaci\u00f3n<\/strong>\u201c<\/em>.<\/p>\n\n\n\n<figure class=\"wp-block-image\"><img decoding=\"async\" src=\"https:\/\/viapais.cdncimeco.com\/files\/2020\/08\/20200821005538_43583114_0_body-768x1024.jpg\" alt=\"Isabella Milagros Bazan luch\u00f3 y naci\u00f3 en Arroyito\"\/><figcaption><em>Isabella Milagros Bazan luch\u00f3 y naci\u00f3 en Arroyito<\/em><\/figcaption><\/figure>\n\n\n\n<p>Y entonces Gustavo manifest\u00f3 que <em>\u201c<strong>ah\u00ed me dijeron que ten\u00edan que realizarle una ces\u00e1rea urgente para tratar de salvarle la vida al&nbsp;beb\u00e9, que hac\u00eda horas quer\u00eda salir<\/strong>. Durante los meses de gestaci\u00f3n no tuvo s\u00edntomas considerables y&nbsp;<strong>confiaba plenamente en lo que la doctora le dec\u00eda<\/strong>\u201c<\/em>.<\/p>\n\n\n\n<p>Y, dando m\u00e1s detalles, asegur\u00f3 que <em><strong>\u201csu peso hab\u00eda aumentado un poco, pero la panza no parec\u00eda de embarazada. En el mes de abril aparecieron unos leves s\u00edntomas de embarazo lo que llev\u00f3 a realizarse un test dando como resultado negativo<\/strong>\u201c<\/em>.<\/p>\n\n\n\n<p><em>Final (y comienzo) feliz <\/em><\/p>\n\n\n\n<p><strong>A las 11:30 horas del 2 de junio de 2020, Isabella Milagros logr\u00f3 su cometido, que era vivir<\/strong>, y naci\u00f3 en perfectas condiciones de salud.\u00a0<strong>Su mirada y su llanto renovaron la esperanza y calmaron los nervios y la incertidumbre de tantos meses.<\/strong><\/p>\n\n\n\n<figure class=\"wp-block-image\"><img decoding=\"async\" src=\"https:\/\/viapais.cdncimeco.com\/files\/2020\/08\/20200821005541_43583113_0_body-768x1024.jpg\" alt=\"Isabella Milagros Bazan junto a mam\u00e1 Natal\u00ed y pap\u00e1 Gustavo\"\/><figcaption><em>Isabella Milagros Baz\u00e1n junto a mam\u00e1 Natal\u00ed y pap\u00e1 Gustavo<\/em><\/figcaption><\/figure>\n\n\n\n<p><em>\u201c<strong>Me enter\u00e9 que iba a ser padre cuando sali\u00f3 un doctor a felicitarme por ser pap\u00e1<\/strong>&nbsp;y vi a esa beb\u00e9 de&nbsp;<strong>2,9 kg en una cuna del hospital, con ropita que le prestaron las enfermeras\u201d<\/strong><\/em>,&nbsp;afirm\u00f3 Gustavo.<\/p>\n\n\n\n<p>Natal\u00ed la pas\u00f3 bastante peor: <em>\u201c<strong>el post parto fue muy doloroso<\/strong>, yo estaba muy an\u00e9mica y con dolores muy fuertes.&nbsp;<strong>Por la forma del parto, el doctor dijo que me hab\u00edan manoseado demasiado<\/strong>. Me realizaron un gran corte para extraer a la beba.&nbsp;<strong>Tuve problemas para amamantar, la herida se me infect\u00f3, me descompuse varias veces&nbsp;<\/strong>y tuvieron que colocarme sangre\u201d<\/em>, asever\u00f3 la joven mam\u00e1.<\/p>\n\n\n\n<p><em>\u201c<strong>Por momentos, hubiera deseado dejar de existir antes de sufrir tanto, pero mi hija me dio las fuerzas para seguir pele\u00e1ndola<\/strong>&nbsp;y salir adelante. A los d\u00edas de que me dieron el alta tuve otra reca\u00edda y tuvieron que internarme nuevamente.&nbsp;<strong>Reci\u00e9n al mes y medio fui cayendo de a poco y empec\u00e9 a disfrutar de mi hermosa hija<\/strong>\u201c<\/em>, sum\u00f3 Natal\u00ed.<\/p>\n\n\n\n<figure class=\"wp-block-image\"><img decoding=\"async\" src=\"https:\/\/viapais.cdncimeco.com\/files\/2020\/08\/20200821005543_43583109_0_body-768x881.jpg\" alt=\"Isabella Milagros Bazan luch\u00f3 y naci\u00f3 en Arroyito\"\/><figcaption><em>Isabella Milagros Bazan luch\u00f3 y naci\u00f3 en Arroyito<\/em><\/figcaption><\/figure>\n\n\n\n<p>Por \u00faltimo, <strong>Gustavo agreg\u00f3 que <\/strong><em><strong>\u201cel milagro de la vida es as\u00ed, horas y horas que hab\u00eda roto bolsa<\/strong>&nbsp;porque quer\u00eda salir. La beba estuvo toda la noche queriendo salir.&nbsp;<strong>Los m\u00e9dicos nos dec\u00edan, esto se lo tienen que agradecer a Dios, no hay chance de que algo as\u00ed salga bien<\/strong>. No hay manera que algo no controlado nunca salga bien\u201d<\/em>.<\/p>\n\n\n\n<p><strong>Los pap\u00e1s de Isabella Milagros comenzar\u00e1n con el camino legal:&nbsp;<\/strong><em>\u201cel abogado tiene todos los papeles e&nbsp;<strong>iniciaremos acciones legales por mala praxis<\/strong>, quer\u00edamos esperar como estaba la beba.&nbsp;<strong>Ahora nos preocupa su salud\u201d<\/strong><\/em>, cerraron.<\/p>\n\n\n\n<p>Agradecemos la gentileza de los testimonios y las im\u00e1genes a Hugo Schiavoni, de <strong><em>V\u00eda Arroyito<\/em><\/strong>.<\/p>\n","protected":false},"excerpt":{"rendered":"<p>Si bien la historia de Isabella Milagros Baz\u00e1n tuvo un final feliz, este nacimiento abre interrogantes sobre el profesionalismo en&hellip;<\/p>\n","protected":false},"author":3,"featured_media":9883,"comment_status":"closed","ping_status":"open","sticky":false,"template":"","format":"standard","meta":{"footnotes":""},"categories":[866],"tags":[66,67,836,322,426,572,603,706],"class_list":["post-9882","post","type-post","status-publish","format-standard","has-post-thumbnail","hentry","category-historias-online","tag-arroyito","tag-arroyito-cordoba","tag-arroyito-online","tag-embarazo","tag-hospital","tag-noticias-de-arroyito-y-zona","tag-parto","tag-salud"],"_links":{"self":[{"href":"https:\/\/arroyitoonline.com.ar\/index.php?rest_route=\/wp\/v2\/posts\/9882","targetHints":{"allow":["GET"]}}],"collection":[{"href":"https:\/\/arroyitoonline.com.ar\/index.php?rest_route=\/wp\/v2\/posts"}],"about":[{"href":"https:\/\/arroyitoonline.com.ar\/index.php?rest_route=\/wp\/v2\/types\/post"}],"author":[{"embeddable":true,"href":"https:\/\/arroyitoonline.com.ar\/index.php?rest_route=\/wp\/v2\/users\/3"}],"replies":[{"embeddable":true,"href":"https:\/\/arroyitoonline.com.ar\/index.php?rest_route=%2Fwp%2Fv2%2Fcomments&post=9882"}],"version-history":[{"count":2,"href":"https:\/\/arroyitoonline.com.ar\/index.php?rest_route=\/wp\/v2\/posts\/9882\/revisions"}],"predecessor-version":[{"id":9886,"href":"https:\/\/arroyitoonline.com.ar\/index.php?rest_route=\/wp\/v2\/posts\/9882\/revisions\/9886"}],"wp:featuredmedia":[{"embeddable":true,"href":"https:\/\/arroyitoonline.com.ar\/index.php?rest_route=\/wp\/v2\/media\/9883"}],"wp:attachment":[{"href":"https:\/\/arroyitoonline.com.ar\/index.php?rest_route=%2Fwp%2Fv2%2Fmedia&parent=9882"}],"wp:term":[{"taxonomy":"category","embeddable":true,"href":"https:\/\/arroyitoonline.com.ar\/index.php?rest_route=%2Fwp%2Fv2%2Fcategories&post=9882"},{"taxonomy":"post_tag","embeddable":true,"href":"https:\/\/arroyitoonline.com.ar\/index.php?rest_route=%2Fwp%2Fv2%2Ftags&post=9882"}],"curies":[{"name":"wp","href":"https:\/\/api.w.org\/{rel}","templated":true}]}}