{"id":9888,"date":"2020-08-25T02:19:32","date_gmt":"2020-08-25T02:19:32","guid":{"rendered":"https:\/\/arroyitoonline.com.ar\/?p=9888"},"modified":"2020-08-25T02:19:42","modified_gmt":"2020-08-25T02:19:42","slug":"ucr-local-desconocio-el-encuentro-entre-benedetti-y-el-presidente-departamental-del-radicalismo","status":"publish","type":"post","link":"https:\/\/arroyitoonline.com.ar\/?p=9888","title":{"rendered":"UCR local desconoci\u00f3 el encuentro entre Benedetti y el presidente Departamental del Radicalismo"},"content":{"rendered":"\n<p><strong>La Comisi\u00f3n Directiva de Circuito Arroyito dijo que la reuni\u00f3n jam\u00e1s fue comunicada ni participada y que desconocen sus objetivos.<\/strong><\/p>\n\n\n\n<p>En relaci\u00f3n al encuentro que se habr\u00eda realizado, entre el presidente de la Uni\u00f3n C\u00edvica Radical Departamental San Justo, Oscar Tuninetti, y el intendente de Arroyito, Gistavo Benedetti (representante de una alianza de diferentes fuerzas pol\u00edticas, sin la UCR local), se expidi\u00f3 la Comisi\u00f3n Directiva del Circuito Arroyito.<\/p>\n\n\n\n<p>En este sentido, dijeron que se &#8220;#desconoce por completo dicho encuentro, del mismo modo su objetivo&#8221;. Adem\u00e1s, la Comisi\u00f3n inform\u00f3 que -la reuni\u00f3n que fue publicada por el Diario de Carlos Paz- &#8220;jam\u00e1s fue ni comunicada, ni participada. Por lo tanto, la UCR Arroyito no puede dar m\u00e1s declaraciones que esta&#8221;.<\/p>\n\n\n\n<p>Del mismo modo, aclararon que algunos miembros de distintos n\u00facleos locales, con representaci\u00f3n en el Departamento San Justo, tampoco fueron informados de la realizaci\u00f3n de dicho encuentro.<\/p>\n\n\n\n<p>Tambi\u00e9n explicaron que &#8220;llama la atenci\u00f3n a este Circuito que, teniendo todos los mecanismos org\u00e1nicos para ser utilizados, el presidente Departamental no los respete y act\u00fae de esta manera&#8221;.<\/p>\n\n\n\n<p>Por \u00faltimo, &#8220;creemos que hoy nos debe preocupar y ocupar el problema que atravesamos como pa\u00eds, provincia y ciudad; no creemos responsable poner en la esfera p\u00fablica temas que restan de importancia en relaci\u00f3n al contexto pand\u00e9mico&#8221;, indicaron.<\/p>\n\n\n\n<p>Por su parte, en exclusiva para Arroyito Online, opin\u00f3 Mauricio Cravero. El exintendente expres\u00f3 su negativa, ante rumores de que el acercamiento de Benedetti con el Radicalismo hab\u00eda sido consensuado con \u00e9l. El dirigente dijo que no estaba enterado de la reuni\u00f3n entre el intendente y Tuninetti.<br><br>Foto: El Diario de Carlos Paz.<\/p>\n","protected":false},"excerpt":{"rendered":"<p>La Comisi\u00f3n Directiva de Circuito Arroyito dijo que la reuni\u00f3n jam\u00e1s fue comunicada ni participada y que desconocen sus objetivos.&hellip;<\/p>\n","protected":false},"author":3,"featured_media":9889,"comment_status":"closed","ping_status":"open","sticky":false,"template":"","format":"standard","meta":{"footnotes":""},"categories":[8],"tags":[66,67,836,115,253,968,527,572,640,667,871,779],"class_list":["post-9888","post","type-post","status-publish","format-standard","has-post-thumbnail","hentry","category-politica","tag-arroyito","tag-arroyito-cordoba","tag-arroyito-online","tag-benedetti","tag-cravero","tag-gustavo-benedetti","tag-mauricio-cravero","tag-noticias-de-arroyito-y-zona","tag-politica","tag-radical","tag-radicalismo","tag-ucr"],"_links":{"self":[{"href":"https:\/\/arroyitoonline.com.ar\/index.php?rest_route=\/wp\/v2\/posts\/9888","targetHints":{"allow":["GET"]}}],"collection":[{"href":"https:\/\/arroyitoonline.com.ar\/index.php?rest_route=\/wp\/v2\/posts"}],"about":[{"href":"https:\/\/arroyitoonline.com.ar\/index.php?rest_route=\/wp\/v2\/types\/post"}],"author":[{"embeddable":true,"href":"https:\/\/arroyitoonline.com.ar\/index.php?rest_route=\/wp\/v2\/users\/3"}],"replies":[{"embeddable":true,"href":"https:\/\/arroyitoonline.com.ar\/index.php?rest_route=%2Fwp%2Fv2%2Fcomments&post=9888"}],"version-history":[{"count":1,"href":"https:\/\/arroyitoonline.com.ar\/index.php?rest_route=\/wp\/v2\/posts\/9888\/revisions"}],"predecessor-version":[{"id":9890,"href":"https:\/\/arroyitoonline.com.ar\/index.php?rest_route=\/wp\/v2\/posts\/9888\/revisions\/9890"}],"wp:featuredmedia":[{"embeddable":true,"href":"https:\/\/arroyitoonline.com.ar\/index.php?rest_route=\/wp\/v2\/media\/9889"}],"wp:attachment":[{"href":"https:\/\/arroyitoonline.com.ar\/index.php?rest_route=%2Fwp%2Fv2%2Fmedia&parent=9888"}],"wp:term":[{"taxonomy":"category","embeddable":true,"href":"https:\/\/arroyitoonline.com.ar\/index.php?rest_route=%2Fwp%2Fv2%2Fcategories&post=9888"},{"taxonomy":"post_tag","embeddable":true,"href":"https:\/\/arroyitoonline.com.ar\/index.php?rest_route=%2Fwp%2Fv2%2Ftags&post=9888"}],"curies":[{"name":"wp","href":"https:\/\/api.w.org\/{rel}","templated":true}]}}