{"id":9892,"date":"2020-08-25T02:47:48","date_gmt":"2020-08-25T02:47:48","guid":{"rendered":"https:\/\/arroyitoonline.com.ar\/?p=9892"},"modified":"2020-08-25T02:52:48","modified_gmt":"2020-08-25T02:52:48","slug":"la-rodante-de-la-dulzura-del-gobierno-municipal-repartio-golosinas-a-mas-de-8-000-chicos","status":"publish","type":"post","link":"https:\/\/arroyitoonline.com.ar\/?p=9892","title":{"rendered":"La &#8220;rodante de la dulzura&#8221; del Gobierno Municipal reparti\u00f3 golosinas a m\u00e1s de 8.000 chicos"},"content":{"rendered":"\n<p><strong>Cinco equipos movilizados en autos y motos municipales y autos antiguos recorrieron las calles de todos los sectores de Arroyito, La Curva y El Fuertecito.<\/strong><\/p>\n\n\n\n<p>Este <strong>domingo 23, <\/strong>el intendente <strong>Gustavo Benedetti, <\/strong>la viceintendente <strong>Mar\u00eda Jos\u00e9 Esp\u00f3sito <\/strong>y el <strong>equipo de Gobierno Municipal repartieron golosinas y sorpresitas para los m\u00e1s peque\u00f1os <\/strong>de la ciudad.<\/p>\n\n\n\n<p>Con un gran despliegue de autos y motos municipales y autos antiguos decorados con globos y llenos de color, cinco equipos realizaron un recorrido por todos los sectores<strong> de Arroyito y los parajes de La Curva y El Fuertecito, que dur\u00f3 m\u00e1s de cuatro horas.<\/strong><\/p>\n\n\n\n<figure><iframe loading=\"lazy\" src=\"https:\/\/www.facebook.com\/plugins\/post.php?href=https%3A%2F%2Fwww.facebook.com%2Farroyitoonlineoficial%2Fposts%2F2822828624611687&amp;width=500\" width=\"500\" height=\"726\"><\/iframe><\/figure>\n\n\n\n<p>La iniciativa fue organizada desde diferentes \u00e1reas municipales, sobre todo las que atienden y brindan servicios en cuanto a la ni\u00f1ez: Programa Arroyito Ciudad de Ni\u00f1os y Ni\u00f1as; Consejo de Ni\u00f1os; coordinaci\u00f3n de Equidad y Asistencia a la Mujer, Adolescencia, Ni\u00f1ez y Familia; Centro de Apoyo al ni\u00f1o y a la familia \u201cVirgen Ni\u00f1a\u201d; secretar\u00eda de Educaci\u00f3n; Direcci\u00f3n de Deportes; entre otras.<\/p>\n\n\n\n<p>Tambi\u00e9n estuvieron presentes, las concejalas Alejandra D\u00edaz y Jaquelina Ver\u00f3n, y los tribunos de Cuentas, Federico Parmigiani y Franco Bruno.<\/p>\n\n\n\n<p><strong>Un festejo distinto, que pidi\u00f3 a los ni\u00f1os que permanezcan en sus casas, se hizo realidad este domingo, con personajes m\u00e1gicos y mucha m\u00fasica<\/strong>, entregando en la puerta de los hogares, alegr\u00eda y diversi\u00f3n para las ni\u00f1as y los ni\u00f1os.<\/p>\n\n\n\n<p>Adem\u00e1s, el cierre del Mes de las Infancias ser\u00e1 el pr\u00f3ximo domingo 30, cuando se realizar\u00e1 un Gran Sorteo del d\u00eda del ni\u00f1o.&nbsp;<strong>Habr\u00e1 bicicletas, patinetas, rollers, tablets, juguetes, pelotas y muchas sorpresas m\u00e1s. <\/strong><\/p>\n\n\n\n<p><strong>Los ni\u00f1os y las ni\u00f1as tienen que dejar sus dibujos en los BUZONES ubicados en las dependecias municipales<\/strong>, con su nombre y apellido, el nombre y apellido del adulto responsable, DNI, edad, direcci\u00f3n y tel\u00e9fono.<\/p>\n\n\n\n<p>Fuente: Comunicaci\u00f3n y Protocolo del Gobierno Municipal. <\/p>\n\n\n\n<p>Foto de portada: Benja Farnochi, para Arroyito Online.<\/p>\n","protected":false},"excerpt":{"rendered":"<p>Cinco equipos movilizados en autos y motos municipales y autos antiguos recorrieron las calles de todos los sectores de Arroyito,&hellip;<\/p>\n","protected":false},"author":3,"featured_media":9893,"comment_status":"closed","ping_status":"open","sticky":false,"template":"","format":"standard","meta":{"footnotes":""},"categories":[962],"tags":[66,67,836,233,1102,570,572],"class_list":["post-9892","post","type-post","status-publish","format-standard","has-post-thumbnail","hentry","category-ninez-y-adolescencia","tag-arroyito","tag-arroyito-cordoba","tag-arroyito-online","tag-consejo-de-ninos","tag-gobierno-municipal","tag-ninez","tag-noticias-de-arroyito-y-zona"],"_links":{"self":[{"href":"https:\/\/arroyitoonline.com.ar\/index.php?rest_route=\/wp\/v2\/posts\/9892","targetHints":{"allow":["GET"]}}],"collection":[{"href":"https:\/\/arroyitoonline.com.ar\/index.php?rest_route=\/wp\/v2\/posts"}],"about":[{"href":"https:\/\/arroyitoonline.com.ar\/index.php?rest_route=\/wp\/v2\/types\/post"}],"author":[{"embeddable":true,"href":"https:\/\/arroyitoonline.com.ar\/index.php?rest_route=\/wp\/v2\/users\/3"}],"replies":[{"embeddable":true,"href":"https:\/\/arroyitoonline.com.ar\/index.php?rest_route=%2Fwp%2Fv2%2Fcomments&post=9892"}],"version-history":[{"count":3,"href":"https:\/\/arroyitoonline.com.ar\/index.php?rest_route=\/wp\/v2\/posts\/9892\/revisions"}],"predecessor-version":[{"id":9896,"href":"https:\/\/arroyitoonline.com.ar\/index.php?rest_route=\/wp\/v2\/posts\/9892\/revisions\/9896"}],"wp:featuredmedia":[{"embeddable":true,"href":"https:\/\/arroyitoonline.com.ar\/index.php?rest_route=\/wp\/v2\/media\/9893"}],"wp:attachment":[{"href":"https:\/\/arroyitoonline.com.ar\/index.php?rest_route=%2Fwp%2Fv2%2Fmedia&parent=9892"}],"wp:term":[{"taxonomy":"category","embeddable":true,"href":"https:\/\/arroyitoonline.com.ar\/index.php?rest_route=%2Fwp%2Fv2%2Fcategories&post=9892"},{"taxonomy":"post_tag","embeddable":true,"href":"https:\/\/arroyitoonline.com.ar\/index.php?rest_route=%2Fwp%2Fv2%2Ftags&post=9892"}],"curies":[{"name":"wp","href":"https:\/\/api.w.org\/{rel}","templated":true}]}}