{"id":9897,"date":"2020-08-24T22:04:00","date_gmt":"2020-08-24T22:04:00","guid":{"rendered":"https:\/\/arroyitoonline.com.ar\/?p=9897"},"modified":"2020-08-25T12:07:22","modified_gmt":"2020-08-25T12:07:22","slug":"emergencia-hidrica-benedetti-anuncio-una-nueva-perforacion-que-cubra-la-demanda-de-agua-potable","status":"publish","type":"post","link":"https:\/\/arroyitoonline.com.ar\/?p=9897","title":{"rendered":"Emergencia h\u00eddrica: Benedetti anunci\u00f3 una nueva perforaci\u00f3n que cubra la demanda de agua potable"},"content":{"rendered":"\n<p><strong>El intendente tambi\u00e9n comunic\u00f3 que comenzar\u00e1n las castraciones de animales en la v\u00eda p\u00fablica y fij\u00f3 como prioridades, el Parque Industrial y la Gesti\u00f3n Integral de Residuos S\u00f3lidos Urbanos. <\/strong><\/p>\n\n\n\n<p>Esta ma\u00f1ana, en conferencia de prensa, el intendente Gustavo Benedetti explic\u00f3 las pr\u00f3ximas acciones que se desarrollar\u00e1n, en relaci\u00f3n a las \u00e1reas de Ambiente y Servicios P\u00fablicos. A saber:<\/p>\n\n\n\n<ul class=\"wp-block-list\"><li>Se fija como tema prioritario, la<strong>\u00a0puesta en marcha de Girsu (Gesti\u00f3n Integral de Residuos S\u00f3lidos Urbanos)<\/strong>\u00a0y del Parque industrial, por medio de la reactivaci\u00f3n del Plan Estrat\u00e9gico de la ADA (Agencia de Desarrollo de Arroyito), que se re\u00fane otra vez hoy.<\/li><li>Por medio de Decreto, Benedetti dispondr\u00e1 una\u00a0<strong>partida presupuestaria de $50.000 mensuales para castraciones de animales en la v\u00eda p\u00fablica<\/strong>, a partir del 1 de septiembre.<\/li><li>Adem\u00e1s anunci\u00f3 que, en los pr\u00f3ximos d\u00edas, ingresar\u00e1 al Concejo para su ratificaci\u00f3n, el convenio con una de las empresas constructoras de los edificios en altura. Implica la aceptaci\u00f3n de una donaci\u00f3n de materiales para la <strong>remodelaci\u00f3n del Parque Romero sobre ruta 19, entre calles Lavalle y Caseros, con el objetivo de que se mejore el tr\u00e1nsito vehicular ante el paso de la autopista Ruta Nacional 19<\/strong>\u00a0y la refuncionalizaci\u00f3n que acarrea sobre Av. Pagani.<\/li><li>En cuanto a la emergencia h\u00eddrica, Benedetti confirm\u00f3 que\u00a0<strong>se realizar\u00e1 una nueva perforaci\u00f3n, que cubra la demanda de agua de la ciudad<\/strong>,\u00a0<strong>teniendo en cuenta que dos pozos han dejado de funcionar<\/strong>. Adem\u00e1s, analizan la modificaci\u00f3n de las redes de agua ya existentes, para la mejora de su capacidad y funci\u00f3n a trav\u00e9s de la asesor\u00eda de empresas, profesionales de la Provincia y de diferentes asesores locales.<\/li><li><strong>El intendente tambi\u00e9n firm\u00f3 la adhesi\u00f3n al Manual de Gesti\u00f3n Responsable, propuesto por el Ministerio de Agricultura de la Provincia<\/strong>, para la provisi\u00f3n de instrumentos y el cumplimiento de la\u00a0<strong>Ley de Agroqu\u00edmicos y Ley Agroforestal<\/strong>. En este sentido, ya se comenz\u00f3 con la plantaci\u00f3n de una cortina forestal en sector sur.<\/li><li>Creaci\u00f3n de una\u00a0<strong>cooperativa de trabajo para el reciclado de papel y cart\u00f3n<\/strong>, con motivo de la formalizaci\u00f3n del empleo de familias que ven\u00edan trabajando en el sector.<\/li><li>Por \u00faltimo, Benedetti dispuso la\u00a0<strong>puesta en funcionamiento de una cl\u00e1usula de descuentos en la tasa a la Propiedad, para todos aquellos propietarios que tengan los \u00e1rboles requeridos en el frente de su vivienda<\/strong>.<\/li><\/ul>\n\n\n\n<figure class=\"wp-block-image\"><img decoding=\"async\" src=\"https:\/\/www.municipioarroyito.gob.ar\/wp-content\/uploads\/2020\/08\/ambiente-4-1024x575.jpeg\" alt=\"\" class=\"wp-image-28825\"\/><\/figure>\n\n\n\n<p>Por su parte, la doctora ingeniera Lelia Imhof, asesora de Ambiente del Municipio, anunci\u00f3:<\/p>\n\n\n\n<ul class=\"wp-block-list\"><li><strong>Plan de forestaci\u00f3n de la ciudad<\/strong>: el objetivo son 1.200 \u00e1rboles anuales. Se plantar\u00e1n plantas faltantes en escuelas de Arroyito, La Curva y El Fuertecito y en establecimientos educativos rurales. El Municipio cuenta con 280 \u00e1rboles para plantar entre esta semana y la siguiente.\u00a0<strong>Adherir\u00e1n a la Campa\u00f1a Un Mill\u00f3n de \u00c1rboles.<\/strong><\/li><li>Comienzan con la\u00a0<strong>creaci\u00f3n de corredores biol\u00f3gicos<\/strong>, para la vinculaci\u00f3n de \u00e1reas verdes. Lo que permitir\u00e1 no solo la conexi\u00f3n de espacios sino, a futuro, absorci\u00f3n y retardo del agua que deriva a los desag\u00fces.<\/li><li>Realizan un <strong>diagn\u00f3stico de la situaci\u00f3n actual de la totalidad de \u00e1rboles faltantes, a trav\u00e9s del \u00e1rea municipal de Estad\u00edsticas y Datos<\/strong>, creada en la actual gesti\u00f3n.<\/li><\/ul>\n\n\n\n<figure class=\"wp-block-image\"><img decoding=\"async\" src=\"https:\/\/www.municipioarroyito.gob.ar\/wp-content\/uploads\/2020\/08\/ambiente-1-1024x575.jpeg\" alt=\"\" class=\"wp-image-28827\"\/><\/figure>\n\n\n\n<p>A su tiempo, la viceintendenta Mar\u00eda Jos\u00e9 Esp\u00f3sito resalt\u00f3 la importancia de participaci\u00f3n ciudadana &nbsp;e inform\u00f3 sobre la&nbsp;<strong>creaci\u00f3n del Consejo de Ambiente para la participaci\u00f3n y consulta por parte de los vecinos<\/strong>.<\/p>\n\n\n\n<p>Fuente: Comunicaci\u00f3n y Protocolo del Gobierno Municipal. <\/p>\n","protected":false},"excerpt":{"rendered":"<p>El intendente tambi\u00e9n comunic\u00f3 que comenzar\u00e1n las castraciones de animales en la v\u00eda p\u00fablica y fij\u00f3 como prioridades, el Parque&hellip;<\/p>\n","protected":false},"author":3,"featured_media":9899,"comment_status":"closed","ping_status":"open","sticky":false,"template":"","format":"standard","meta":{"footnotes":""},"categories":[913,879],"tags":[41,66,67,836,162,258,1102,528,572,732],"class_list":["post-9897","post","type-post","status-publish","format-standard","has-post-thumbnail","hentry","category-medio-ambiente","category-servicios-publicos","tag-agua-potable","tag-arroyito","tag-arroyito-cordoba","tag-arroyito-online","tag-castraciones","tag-cuidado-del-medio-ambiente","tag-gobierno-municipal","tag-medio-ambiente","tag-noticias-de-arroyito-y-zona","tag-servicios-publicos"],"_links":{"self":[{"href":"https:\/\/arroyitoonline.com.ar\/index.php?rest_route=\/wp\/v2\/posts\/9897","targetHints":{"allow":["GET"]}}],"collection":[{"href":"https:\/\/arroyitoonline.com.ar\/index.php?rest_route=\/wp\/v2\/posts"}],"about":[{"href":"https:\/\/arroyitoonline.com.ar\/index.php?rest_route=\/wp\/v2\/types\/post"}],"author":[{"embeddable":true,"href":"https:\/\/arroyitoonline.com.ar\/index.php?rest_route=\/wp\/v2\/users\/3"}],"replies":[{"embeddable":true,"href":"https:\/\/arroyitoonline.com.ar\/index.php?rest_route=%2Fwp%2Fv2%2Fcomments&post=9897"}],"version-history":[{"count":2,"href":"https:\/\/arroyitoonline.com.ar\/index.php?rest_route=\/wp\/v2\/posts\/9897\/revisions"}],"predecessor-version":[{"id":9900,"href":"https:\/\/arroyitoonline.com.ar\/index.php?rest_route=\/wp\/v2\/posts\/9897\/revisions\/9900"}],"wp:featuredmedia":[{"embeddable":true,"href":"https:\/\/arroyitoonline.com.ar\/index.php?rest_route=\/wp\/v2\/media\/9899"}],"wp:attachment":[{"href":"https:\/\/arroyitoonline.com.ar\/index.php?rest_route=%2Fwp%2Fv2%2Fmedia&parent=9897"}],"wp:term":[{"taxonomy":"category","embeddable":true,"href":"https:\/\/arroyitoonline.com.ar\/index.php?rest_route=%2Fwp%2Fv2%2Fcategories&post=9897"},{"taxonomy":"post_tag","embeddable":true,"href":"https:\/\/arroyitoonline.com.ar\/index.php?rest_route=%2Fwp%2Fv2%2Ftags&post=9897"}],"curies":[{"name":"wp","href":"https:\/\/api.w.org\/{rel}","templated":true}]}}