{"id":9901,"date":"2020-08-25T15:17:07","date_gmt":"2020-08-25T15:17:07","guid":{"rendered":"https:\/\/arroyitoonline.com.ar\/?p=9901"},"modified":"2020-08-25T15:17:11","modified_gmt":"2020-08-25T15:17:11","slug":"semana-del-arbol-el-gobierno-municipal-celebrara-con-presentaciones-virtuales","status":"publish","type":"post","link":"https:\/\/arroyitoonline.com.ar\/?p=9901","title":{"rendered":"Semana del \u00e1rbol: el Gobierno Municipal celebrar\u00e1 con presentaciones virtuales"},"content":{"rendered":"\n<p><strong>Las producciones audiovisuales ser\u00e1n compartidas por la tarde, en las redes sociales oficiales del Municipio. <\/strong><\/p>\n\n\n\n<p>El \u00e1rea de Ambiente y Energ\u00eda y la secretar\u00eda de Educaci\u00f3n y Cultura del Gobierno Municipal, juntamente con Actitud ECO, invitan a los vecinos a que participen de la Semana del \u00c1rbol.<\/p>\n\n\n\n<p>Del 24 al 29 de agosto, en el marco de la\u00a0<strong>celebraci\u00f3n del D\u00eda del \u00c1rbol<\/strong>, se realizar\u00e1n video presentaciones virtuales sobre esa tem\u00e1tica.<\/p>\n\n\n\n<figure class=\"wp-block-image size-large\"><img loading=\"lazy\" decoding=\"async\" width=\"1024\" height=\"1024\" src=\"https:\/\/arroyitoonline.com.ar\/wp-content\/uploads\/2020\/08\/Semana-del-\u00e1rbol-2-1024x1024.jpeg\" alt=\"\" class=\"wp-image-9904\" srcset=\"https:\/\/arroyitoonline.com.ar\/wp-content\/uploads\/2020\/08\/Semana-del-\u00e1rbol-2-1024x1024.jpeg 1024w, https:\/\/arroyitoonline.com.ar\/wp-content\/uploads\/2020\/08\/Semana-del-\u00e1rbol-2-300x300.jpeg 300w, https:\/\/arroyitoonline.com.ar\/wp-content\/uploads\/2020\/08\/Semana-del-\u00e1rbol-2-150x150.jpeg 150w, https:\/\/arroyitoonline.com.ar\/wp-content\/uploads\/2020\/08\/Semana-del-\u00e1rbol-2-768x768.jpeg 768w, https:\/\/arroyitoonline.com.ar\/wp-content\/uploads\/2020\/08\/Semana-del-\u00e1rbol-2.jpeg 1280w\" sizes=\"auto, (max-width: 1024px) 100vw, 1024px\" \/><figcaption><em>El cronograma completo de presentaciones virtuales, durante la Semana del \u00c1rbol<\/em><\/figcaption><\/figure>\n\n\n\n<p>Las producciones audiovisuales ser\u00e1n compartidas por la tarde, en las redes sociales oficiales del Gobierno Municipal, con el siguiente cronograma:<\/p>\n\n\n\n<ul class=\"wp-block-list\"><li>Martes 25:\u00a0<strong>ordenanzas vigentes sobre el arbolado p\u00fablico<\/strong><ul><li>Concejala Alejandra D\u00edaz<\/li><\/ul><\/li><li>Mi\u00e9rcoles 26:\u00a0<strong>participaci\u00f3n ciudadana sobre el medio ambiente<\/strong><ul><li>Viceintendente Mar\u00eda Jos\u00e9 Esp\u00f3sito<\/li><\/ul><\/li><li>Jueves 27:<strong>\u00a0<\/strong>resultado del concurso fotogr\u00e1fico realizado con Actitud ECO<strong>. Adhesi\u00f3n a la Campa\u00f1a \u201c1 Mill\u00f3n de \u00c1rboles\u201d y adhesi\u00f3n al manual de Gesti\u00f3n Responsable, con el Ministerio de Agricultura de la Provincia.<\/strong><\/li><li>Viernes 28:\u00a0<strong><em>\u201cEl fuego no hace cuarentena\u201d<\/em><\/strong><ul><li>Bombero Iv\u00e1n Pizzi<\/li><\/ul><\/li><li>S\u00e1bado 29: <em>\u201c<strong>Los pulmones de nuestra Ciudad\u201d<\/strong><\/em><strong> | Arbolado p\u00fablico\u00a0<\/strong><ul><li>Ing. Emiliano Ferace<\/li><\/ul><\/li><li><strong>Resumen de la semana<\/strong>\u00a0<ul><li>Sec. de Educaci\u00f3n y Cultura \u2013 Ver\u00f3nica Maritano<\/li><\/ul><ul><li>Asesora de Ambiente y Energ\u00eda \u2013 Lelia Imhof.<\/li><\/ul><\/li><\/ul>\n\n\n\n<p><strong>El medio ambiente es un tema de todos.<\/strong>\u00a0Sumate a esta iniciativa.<\/p>\n\n\n\n<p>Fuente: Comunicaci\u00f3n y Protocolo del Gobierno Municipal. <\/p>\n","protected":false},"excerpt":{"rendered":"<p>Las producciones audiovisuales ser\u00e1n compartidas por la tarde, en las redes sociales oficiales del Municipio. El \u00e1rea de Ambiente y&hellip;<\/p>\n","protected":false},"author":3,"featured_media":9905,"comment_status":"closed","ping_status":"open","sticky":false,"template":"","format":"standard","meta":{"footnotes":""},"categories":[913],"tags":[58,66,67,836,258,1102,528,572],"class_list":["post-9901","post","type-post","status-publish","format-standard","has-post-thumbnail","hentry","category-medio-ambiente","tag-arboles","tag-arroyito","tag-arroyito-cordoba","tag-arroyito-online","tag-cuidado-del-medio-ambiente","tag-gobierno-municipal","tag-medio-ambiente","tag-noticias-de-arroyito-y-zona"],"_links":{"self":[{"href":"https:\/\/arroyitoonline.com.ar\/index.php?rest_route=\/wp\/v2\/posts\/9901","targetHints":{"allow":["GET"]}}],"collection":[{"href":"https:\/\/arroyitoonline.com.ar\/index.php?rest_route=\/wp\/v2\/posts"}],"about":[{"href":"https:\/\/arroyitoonline.com.ar\/index.php?rest_route=\/wp\/v2\/types\/post"}],"author":[{"embeddable":true,"href":"https:\/\/arroyitoonline.com.ar\/index.php?rest_route=\/wp\/v2\/users\/3"}],"replies":[{"embeddable":true,"href":"https:\/\/arroyitoonline.com.ar\/index.php?rest_route=%2Fwp%2Fv2%2Fcomments&post=9901"}],"version-history":[{"count":1,"href":"https:\/\/arroyitoonline.com.ar\/index.php?rest_route=\/wp\/v2\/posts\/9901\/revisions"}],"predecessor-version":[{"id":9906,"href":"https:\/\/arroyitoonline.com.ar\/index.php?rest_route=\/wp\/v2\/posts\/9901\/revisions\/9906"}],"wp:featuredmedia":[{"embeddable":true,"href":"https:\/\/arroyitoonline.com.ar\/index.php?rest_route=\/wp\/v2\/media\/9905"}],"wp:attachment":[{"href":"https:\/\/arroyitoonline.com.ar\/index.php?rest_route=%2Fwp%2Fv2%2Fmedia&parent=9901"}],"wp:term":[{"taxonomy":"category","embeddable":true,"href":"https:\/\/arroyitoonline.com.ar\/index.php?rest_route=%2Fwp%2Fv2%2Fcategories&post=9901"},{"taxonomy":"post_tag","embeddable":true,"href":"https:\/\/arroyitoonline.com.ar\/index.php?rest_route=%2Fwp%2Fv2%2Ftags&post=9901"}],"curies":[{"name":"wp","href":"https:\/\/api.w.org\/{rel}","templated":true}]}}