{"id":9915,"date":"2020-08-26T02:29:38","date_gmt":"2020-08-26T02:29:38","guid":{"rendered":"https:\/\/arroyitoonline.com.ar\/?p=9915"},"modified":"2020-08-26T10:13:44","modified_gmt":"2020-08-26T10:13:44","slug":"accidente-fatal-en-villa-concepcion-perdieron-la-vida-un-motociclista-y-su-acompanante","status":"publish","type":"post","link":"https:\/\/arroyitoonline.com.ar\/?p=9915","title":{"rendered":"Accidente fatal en Villa Concepci\u00f3n: perdieron la vida un motociclista y su acompa\u00f1ante"},"content":{"rendered":"\n<p><strong>Se trata de un hombre de 41 a\u00f1os, domiciliado en esa localidad, y un joven de 22, que era de Arroyito.<\/strong> <\/p>\n\n\n\n<p>A las 19:30 horas de hoy, se produjo un accidente de tr\u00e1nsito a la altura del kil\u00f3metro 36 de la Ruta Provincial N\u00b0 3, en la localidad de Villa Concepci\u00f3n.<\/p>\n\n\n\n<p>Una camioneta Volkswagen Saveiro, de color negro, conducida por un joven (20 a\u00f1os) \u2013domiciliado en zona rural de la localidad de El T\u00edo-, acompa\u00f1ado por otros dos hombres \u2013uno de 46 a\u00f1os y el otro de 22-, circulaba en sentido de norte a sur.<\/p>\n\n\n\n<p>En tanto que, un hombre (41 a\u00f1os) \u2013con domicilio en Villa Concepci\u00f3n- y un joven (22 a\u00f1os) de Arroyito andaban en una moto Motomel tipo choppera, de color negro, en sentido contrario. <\/p>\n\n\n\n<p>Por causas que tratan de establecerse colisionaron los dos veh\u00edculos. Como consecuencia del siniestro, los ocupantes del rodado menor fueron expulsados, perdiendo la vida en el lugar.<\/p>\n\n\n\n<p>Se hizo presente personal de Bomberos voluntarios y el Servicio de Emergencias. Se iniciaron actuaciones sumariales con conocimiento e intervenci\u00f3n de la Fiscal\u00eda de Instrucci\u00f3n de la ciudad de Arroyito ordenando que se haga presente el personal de Polic\u00eda Judicial. Estuvo tambi\u00e9n, el comisario Insp. Diego Rodr\u00edguez, jefe Zona de Inspecci\u00f3n N\u00b0 4.<\/p>\n\n\n\n<p>Fuente: informe del comisario Insp. Diego Rodr\u00edguez, jefe Zona de Inspecci\u00f3n N\u00b0 4.<\/p>\n\n\n\n<p>Foto: La Voz de San Justo.<\/p>\n","protected":false},"excerpt":{"rendered":"<p>Se trata de un hombre de 41 a\u00f1os, domiciliado en esa localidad, y un joven de 22, que era de&hellip;<\/p>\n","protected":false},"author":3,"featured_media":9916,"comment_status":"closed","ping_status":"open","sticky":false,"template":"","format":"standard","meta":{"footnotes":""},"categories":[824],"tags":[66,67,836,191,572,637,638,825,803],"class_list":["post-9915","post","type-post","status-publish","format-standard","has-post-thumbnail","hentry","category-policiales-online","tag-arroyito","tag-arroyito-cordoba","tag-arroyito-online","tag-choque","tag-noticias-de-arroyito-y-zona","tag-policiales","tag-policiales-arroyito","tag-policiales-online","tag-villa-concepcion-del-tio"],"_links":{"self":[{"href":"https:\/\/arroyitoonline.com.ar\/index.php?rest_route=\/wp\/v2\/posts\/9915","targetHints":{"allow":["GET"]}}],"collection":[{"href":"https:\/\/arroyitoonline.com.ar\/index.php?rest_route=\/wp\/v2\/posts"}],"about":[{"href":"https:\/\/arroyitoonline.com.ar\/index.php?rest_route=\/wp\/v2\/types\/post"}],"author":[{"embeddable":true,"href":"https:\/\/arroyitoonline.com.ar\/index.php?rest_route=\/wp\/v2\/users\/3"}],"replies":[{"embeddable":true,"href":"https:\/\/arroyitoonline.com.ar\/index.php?rest_route=%2Fwp%2Fv2%2Fcomments&post=9915"}],"version-history":[{"count":2,"href":"https:\/\/arroyitoonline.com.ar\/index.php?rest_route=\/wp\/v2\/posts\/9915\/revisions"}],"predecessor-version":[{"id":9924,"href":"https:\/\/arroyitoonline.com.ar\/index.php?rest_route=\/wp\/v2\/posts\/9915\/revisions\/9924"}],"wp:featuredmedia":[{"embeddable":true,"href":"https:\/\/arroyitoonline.com.ar\/index.php?rest_route=\/wp\/v2\/media\/9916"}],"wp:attachment":[{"href":"https:\/\/arroyitoonline.com.ar\/index.php?rest_route=%2Fwp%2Fv2%2Fmedia&parent=9915"}],"wp:term":[{"taxonomy":"category","embeddable":true,"href":"https:\/\/arroyitoonline.com.ar\/index.php?rest_route=%2Fwp%2Fv2%2Fcategories&post=9915"},{"taxonomy":"post_tag","embeddable":true,"href":"https:\/\/arroyitoonline.com.ar\/index.php?rest_route=%2Fwp%2Fv2%2Ftags&post=9915"}],"curies":[{"name":"wp","href":"https:\/\/api.w.org\/{rel}","templated":true}]}}