{"id":9918,"date":"2020-08-26T23:39:00","date_gmt":"2020-08-26T23:39:00","guid":{"rendered":"https:\/\/arroyitoonline.com.ar\/?p=9918"},"modified":"2020-08-27T13:03:10","modified_gmt":"2020-08-27T13:03:10","slug":"acercar-recibio-360-mil-por-parte-del-gobierno-nacional","status":"publish","type":"post","link":"https:\/\/arroyitoonline.com.ar\/?p=9918","title":{"rendered":"Acercar recibi\u00f3 $360 mil por parte del Gobierno Nacional"},"content":{"rendered":"\n<p><strong>El beneficio se encuadra en el Programa de Asistencia Econ\u00f3mica a Talleres Protegidos de Producci\u00f3n, en el marco de la Emergencia Covid-19, de la Ley de Cheques.<\/strong><\/p>\n\n\n\n<p>Esta ma\u00f1ana se concret\u00f3, por primera vez, la entrega de un significativo beneficio econ\u00f3mico a la Asociaci\u00f3n Civil Acercar, para el desarrollo de la instituci\u00f3n.<\/p>\n\n\n\n<p>Son $360 mil que el Municipio, por medio del intendente Gustavo Benedetti y de la oficina de Discapacidad y Accesibilidad, ha gestionado a trav\u00e9s de la Ley N\u00ba 27.541 y sus modificaciones de emergencia p\u00fablica, en materia sanitaria, en virtud de la Pandemia Covid-19.<\/p>\n\n\n\n<figure class=\"wp-block-image\"><img decoding=\"async\" src=\"https:\/\/www.municipioarroyito.gob.ar\/wp-content\/uploads\/2020\/08\/acercar-3.jpeg\" alt=\"\" class=\"wp-image-28836\"\/><\/figure>\n\n\n\n<p>Para el Gobierno Municipal <em>&#8220;es de gran alegr\u00eda poder colaborar con las instituciones de la ciudad, y en lo que se refiere a Acercar, para que puedan continuar, de esta manera, la labor terap\u00e9utica, apuntando al desarrollo social y a la inclusi\u00f3n de las personas con discapacidad&#8221;<\/em>, se\u00f1alaron.<\/p>\n\n\n\n<p>El beneficio se encuadra en el Programa de Asistencia Econ\u00f3mica a Talleres Protegidos de Producci\u00f3n, en el marco de la Emergencia Covid-19, de la Ley de Cheques.<\/p>\n\n\n\n<figure class=\"wp-block-image\"><img decoding=\"async\" src=\"https:\/\/www.municipioarroyito.gob.ar\/wp-content\/uploads\/2020\/08\/acercar-2-1024x572.jpeg\" alt=\"\" class=\"wp-image-28837\"\/><\/figure>\n\n\n\n<p>En la oportunidad, estuvieron presentes acompa\u00f1ando a Benedetti, la viceintendente, Mar\u00eda Jos\u00e9 Esp\u00f3sito; la responsable de la oficina de Discapacidad y Accesibilidad, Mar\u00eda Elena Moyano; la presidenta de la Comisi\u00f3n de Acercar, Miriam Bonetto; el coordinador Terap\u00e9utico de Acercar, Pablo Castro; y Gladis Oviedo, integrante de la Comisi\u00f3n.<\/p>\n\n\n\n<p>Fuente: Comunicaci\u00f3n y Protocolo del Gobierno Municipal.<\/p>\n","protected":false},"excerpt":{"rendered":"<p>El beneficio se encuadra en el Programa de Asistencia Econ\u00f3mica a Talleres Protegidos de Producci\u00f3n, en el marco de la&hellip;<\/p>\n","protected":false},"author":3,"featured_media":9919,"comment_status":"closed","ping_status":"open","sticky":false,"template":"","format":"standard","meta":{"footnotes":""},"categories":[1097],"tags":[25,66,67,836,296,1102,857,572],"class_list":["post-9918","post","type-post","status-publish","format-standard","has-post-thumbnail","hentry","category-discapacidad","tag-acercar","tag-arroyito","tag-arroyito-cordoba","tag-arroyito-online","tag-discapacidad","tag-gobierno-municipal","tag-gobierno-nacional","tag-noticias-de-arroyito-y-zona"],"_links":{"self":[{"href":"https:\/\/arroyitoonline.com.ar\/index.php?rest_route=\/wp\/v2\/posts\/9918","targetHints":{"allow":["GET"]}}],"collection":[{"href":"https:\/\/arroyitoonline.com.ar\/index.php?rest_route=\/wp\/v2\/posts"}],"about":[{"href":"https:\/\/arroyitoonline.com.ar\/index.php?rest_route=\/wp\/v2\/types\/post"}],"author":[{"embeddable":true,"href":"https:\/\/arroyitoonline.com.ar\/index.php?rest_route=\/wp\/v2\/users\/3"}],"replies":[{"embeddable":true,"href":"https:\/\/arroyitoonline.com.ar\/index.php?rest_route=%2Fwp%2Fv2%2Fcomments&post=9918"}],"version-history":[{"count":1,"href":"https:\/\/arroyitoonline.com.ar\/index.php?rest_route=\/wp\/v2\/posts\/9918\/revisions"}],"predecessor-version":[{"id":9920,"href":"https:\/\/arroyitoonline.com.ar\/index.php?rest_route=\/wp\/v2\/posts\/9918\/revisions\/9920"}],"wp:featuredmedia":[{"embeddable":true,"href":"https:\/\/arroyitoonline.com.ar\/index.php?rest_route=\/wp\/v2\/media\/9919"}],"wp:attachment":[{"href":"https:\/\/arroyitoonline.com.ar\/index.php?rest_route=%2Fwp%2Fv2%2Fmedia&parent=9918"}],"wp:term":[{"taxonomy":"category","embeddable":true,"href":"https:\/\/arroyitoonline.com.ar\/index.php?rest_route=%2Fwp%2Fv2%2Fcategories&post=9918"},{"taxonomy":"post_tag","embeddable":true,"href":"https:\/\/arroyitoonline.com.ar\/index.php?rest_route=%2Fwp%2Fv2%2Ftags&post=9918"}],"curies":[{"name":"wp","href":"https:\/\/api.w.org\/{rel}","templated":true}]}}