{"id":9921,"date":"2020-08-26T02:45:00","date_gmt":"2020-08-26T02:45:00","guid":{"rendered":"https:\/\/arroyitoonline.com.ar\/?p=9921"},"modified":"2020-08-26T02:45:02","modified_gmt":"2020-08-26T02:45:02","slug":"otorgan-turnos-para-la-renovacion-u-otorgamiento-del-certificado-unico-de-discapacidad-en-septiembre","status":"publish","type":"post","link":"https:\/\/arroyitoonline.com.ar\/?p=9921","title":{"rendered":"Otorgan turnos para la renovaci\u00f3n u otorgamiento del Certificado \u00danico de Discapacidad en septiembre"},"content":{"rendered":"\n<p><strong>Las personas interesadas deben comunicarse al Hospital Municipal Carlos J. Rodr\u00edguez, de 8:00 a 13:00 horas.<\/strong><\/p>\n\n\n\n<p>La Junta Municipal de Discapacidad est\u00e1 otorgando turnos para la renovaci\u00f3n y el otorgamiento del Certificado \u00danico de Discapacidad correspondientes al mes de septiembre.<\/p>\n\n\n\n<p>Para solicitar un turno deben hacerlo llamando al Hospital Municipal Carlos J. Rodr\u00edguez, de 8:00 a 13:00 horas. Los n\u00fameros de tel\u00e9fonos son: 3576 420386 \/ 421190.<\/p>\n\n\n\n<figure class=\"wp-block-image size-large\"><img loading=\"lazy\" decoding=\"async\" width=\"1024\" height=\"1024\" src=\"https:\/\/arroyitoonline.com.ar\/wp-content\/uploads\/2020\/08\/SEPTIEMBRE-DISCAPACIDAD-1024x1024.jpeg\" alt=\"\" class=\"wp-image-9922\" srcset=\"https:\/\/arroyitoonline.com.ar\/wp-content\/uploads\/2020\/08\/SEPTIEMBRE-DISCAPACIDAD-1024x1024.jpeg 1024w, https:\/\/arroyitoonline.com.ar\/wp-content\/uploads\/2020\/08\/SEPTIEMBRE-DISCAPACIDAD-300x300.jpeg 300w, https:\/\/arroyitoonline.com.ar\/wp-content\/uploads\/2020\/08\/SEPTIEMBRE-DISCAPACIDAD-150x150.jpeg 150w, https:\/\/arroyitoonline.com.ar\/wp-content\/uploads\/2020\/08\/SEPTIEMBRE-DISCAPACIDAD-768x768.jpeg 768w, https:\/\/arroyitoonline.com.ar\/wp-content\/uploads\/2020\/08\/SEPTIEMBRE-DISCAPACIDAD.jpeg 1280w\" sizes=\"auto, (max-width: 1024px) 100vw, 1024px\" \/><\/figure>\n\n\n\n<p>Los ciudadanos de Arroyito deben llamar para solicitar turno, el viernes 28 de agosto; y los ciudadanos de la zona o del interior provincial, tendr\u00e1n que hacerlo el jueves 27 de agosto.<\/p>\n\n\n\n<p>Fuente: Comunicaci\u00f3n y Protocolo del Gobierno Municipal. <\/p>\n","protected":false},"excerpt":{"rendered":"<p>Las personas interesadas deben comunicarse al Hospital Municipal Carlos J. Rodr\u00edguez, de 8:00 a 13:00 horas. La Junta Municipal de&hellip;<\/p>\n","protected":false},"author":3,"featured_media":9430,"comment_status":"closed","ping_status":"open","sticky":false,"template":"","format":"standard","meta":{"footnotes":""},"categories":[1097],"tags":[66,67,836,296,1102,426,572],"class_list":["post-9921","post","type-post","status-publish","format-standard","has-post-thumbnail","hentry","category-discapacidad","tag-arroyito","tag-arroyito-cordoba","tag-arroyito-online","tag-discapacidad","tag-gobierno-municipal","tag-hospital","tag-noticias-de-arroyito-y-zona"],"_links":{"self":[{"href":"https:\/\/arroyitoonline.com.ar\/index.php?rest_route=\/wp\/v2\/posts\/9921","targetHints":{"allow":["GET"]}}],"collection":[{"href":"https:\/\/arroyitoonline.com.ar\/index.php?rest_route=\/wp\/v2\/posts"}],"about":[{"href":"https:\/\/arroyitoonline.com.ar\/index.php?rest_route=\/wp\/v2\/types\/post"}],"author":[{"embeddable":true,"href":"https:\/\/arroyitoonline.com.ar\/index.php?rest_route=\/wp\/v2\/users\/3"}],"replies":[{"embeddable":true,"href":"https:\/\/arroyitoonline.com.ar\/index.php?rest_route=%2Fwp%2Fv2%2Fcomments&post=9921"}],"version-history":[{"count":1,"href":"https:\/\/arroyitoonline.com.ar\/index.php?rest_route=\/wp\/v2\/posts\/9921\/revisions"}],"predecessor-version":[{"id":9923,"href":"https:\/\/arroyitoonline.com.ar\/index.php?rest_route=\/wp\/v2\/posts\/9921\/revisions\/9923"}],"wp:featuredmedia":[{"embeddable":true,"href":"https:\/\/arroyitoonline.com.ar\/index.php?rest_route=\/wp\/v2\/media\/9430"}],"wp:attachment":[{"href":"https:\/\/arroyitoonline.com.ar\/index.php?rest_route=%2Fwp%2Fv2%2Fmedia&parent=9921"}],"wp:term":[{"taxonomy":"category","embeddable":true,"href":"https:\/\/arroyitoonline.com.ar\/index.php?rest_route=%2Fwp%2Fv2%2Fcategories&post=9921"},{"taxonomy":"post_tag","embeddable":true,"href":"https:\/\/arroyitoonline.com.ar\/index.php?rest_route=%2Fwp%2Fv2%2Ftags&post=9921"}],"curies":[{"name":"wp","href":"https:\/\/api.w.org\/{rel}","templated":true}]}}