{"id":9936,"date":"2020-08-27T14:30:46","date_gmt":"2020-08-27T14:30:46","guid":{"rendered":"https:\/\/arroyitoonline.com.ar\/?p=9936"},"modified":"2020-08-27T14:30:48","modified_gmt":"2020-08-27T14:30:48","slug":"semana-del-arbol-forestan-escuelas-de-arroyito-la-curva-el-fuertecito-y-rurales","status":"publish","type":"post","link":"https:\/\/arroyitoonline.com.ar\/?p=9936","title":{"rendered":"Semana del \u00c1rbol: forestan escuelas de Arroyito, La Curva, El Fuertecito y rurales"},"content":{"rendered":"\n<p><strong>El Plan de Forestaci\u00f3n Anual contempla 1000 \u00e1rboles anuales, de los cuales se plantar\u00e1n 250 entre esta semana y la pr\u00f3xima.<\/strong><\/p>\n\n\n\n<p>Las escuelas de Arroyito, La Curva, El Fuertecito y zona rural recibieron del Gobierno Municipal, \u00e1rboles faltantes y colaboraci\u00f3n para su plantaci\u00f3n en las instituciones. Durante esta Semana del \u00c1rbol, el \u00e1rea de Ambiente y Energ\u00eda y la secretar\u00eda de Educaci\u00f3n y Cultura se encuentran plantando en diferentes establecimiento educativos.<\/p>\n\n\n\n<figure class=\"wp-block-image\"><img decoding=\"async\" src=\"https:\/\/www.municipioarroyito.gob.ar\/wp-content\/uploads\/2020\/08\/forestacion-6-1024x684.jpeg\" alt=\"\" class=\"wp-image-28874\"\/><\/figure>\n\n\n\n<p>Este jueves se plantar\u00e1n \u00e1rboles en las Escuelas French y Berutti de Arroyo Los Leones, Manuel Belgrano y Jos\u00e9 Mar\u00eda Paz y el Jard\u00edn de Infantes Leopoldo Lugones. Ya se han plantado en El Fuertecito, Escuelas Mart\u00edn Miguel de G\u00fcemes de La Curva, Mar\u00eda Teresa Navarro, De\u00e1n Gregorio Funes de El Descanso, Jos\u00e9 Gim\u00e9nez Lagos, Claudio C\u00e9sar Ju\u00e1rez y ProA.<\/p>\n\n\n\n<p>Estas plantaciones responden al Plan de Forestaci\u00f3n Anual del \u00e1rea de Ambiente y Energ\u00eda, que contempla 1000 \u00e1rboles anuales, de los cuales se plantar\u00e1n 250 entre esta semana y la pr\u00f3xima.<\/p>\n\n\n\n<p>Fuente: Comunicaci\u00f3n y Protocolo del Gobierno Municipal.<\/p>\n","protected":false},"excerpt":{"rendered":"<p>El Plan de Forestaci\u00f3n Anual contempla 1000 \u00e1rboles anuales, de los cuales se plantar\u00e1n 250 entre esta semana y la&hellip;<\/p>\n","protected":false},"author":3,"featured_media":9937,"comment_status":"closed","ping_status":"open","sticky":false,"template":"","format":"standard","meta":{"footnotes":""},"categories":[913],"tags":[58,66,67,836,258,348,1102,528,572],"class_list":["post-9936","post","type-post","status-publish","format-standard","has-post-thumbnail","hentry","category-medio-ambiente","tag-arboles","tag-arroyito","tag-arroyito-cordoba","tag-arroyito-online","tag-cuidado-del-medio-ambiente","tag-escuelas","tag-gobierno-municipal","tag-medio-ambiente","tag-noticias-de-arroyito-y-zona"],"_links":{"self":[{"href":"https:\/\/arroyitoonline.com.ar\/index.php?rest_route=\/wp\/v2\/posts\/9936","targetHints":{"allow":["GET"]}}],"collection":[{"href":"https:\/\/arroyitoonline.com.ar\/index.php?rest_route=\/wp\/v2\/posts"}],"about":[{"href":"https:\/\/arroyitoonline.com.ar\/index.php?rest_route=\/wp\/v2\/types\/post"}],"author":[{"embeddable":true,"href":"https:\/\/arroyitoonline.com.ar\/index.php?rest_route=\/wp\/v2\/users\/3"}],"replies":[{"embeddable":true,"href":"https:\/\/arroyitoonline.com.ar\/index.php?rest_route=%2Fwp%2Fv2%2Fcomments&post=9936"}],"version-history":[{"count":1,"href":"https:\/\/arroyitoonline.com.ar\/index.php?rest_route=\/wp\/v2\/posts\/9936\/revisions"}],"predecessor-version":[{"id":9938,"href":"https:\/\/arroyitoonline.com.ar\/index.php?rest_route=\/wp\/v2\/posts\/9936\/revisions\/9938"}],"wp:featuredmedia":[{"embeddable":true,"href":"https:\/\/arroyitoonline.com.ar\/index.php?rest_route=\/wp\/v2\/media\/9937"}],"wp:attachment":[{"href":"https:\/\/arroyitoonline.com.ar\/index.php?rest_route=%2Fwp%2Fv2%2Fmedia&parent=9936"}],"wp:term":[{"taxonomy":"category","embeddable":true,"href":"https:\/\/arroyitoonline.com.ar\/index.php?rest_route=%2Fwp%2Fv2%2Fcategories&post=9936"},{"taxonomy":"post_tag","embeddable":true,"href":"https:\/\/arroyitoonline.com.ar\/index.php?rest_route=%2Fwp%2Fv2%2Ftags&post=9936"}],"curies":[{"name":"wp","href":"https:\/\/api.w.org\/{rel}","templated":true}]}}