{"id":9940,"date":"2020-08-28T00:27:06","date_gmt":"2020-08-28T00:27:06","guid":{"rendered":"https:\/\/arroyitoonline.com.ar\/?p=9940"},"modified":"2020-08-28T00:29:44","modified_gmt":"2020-08-28T00:29:44","slug":"la-direccion-de-adicciones-del-gobierno-municipal-busca-profesional-en-psicologia","status":"publish","type":"post","link":"https:\/\/arroyitoonline.com.ar\/?p=9940","title":{"rendered":"La Direcci\u00f3n de Adicciones del Gobierno Municipal busca profesional en psicolog\u00eda"},"content":{"rendered":"\n<p><strong>El o la profesional debe tener especializaci\u00f3n en adicciones o experiencia en el tratamiento de pacientes con esta patolog\u00eda.<\/strong><\/p>\n\n\n\n<p>Con el objetivo de que se profesionalice la gesti\u00f3n, el Gobierno Municipal de Arroyito convoca a los vecinos, para cubrir la vacante de psicolog\u00eda profesional en la Direcci\u00f3n municipal de Adicciones.<\/p>\n\n\n\n<figure class=\"wp-block-image size-large\"><img loading=\"lazy\" decoding=\"async\" width=\"1024\" height=\"1024\" src=\"https:\/\/arroyitoonline.com.ar\/wp-content\/uploads\/2020\/08\/propuesta-laboral-psicolog\u00eda-1024x1024.jpg\" alt=\"\" class=\"wp-image-9941\" srcset=\"https:\/\/arroyitoonline.com.ar\/wp-content\/uploads\/2020\/08\/propuesta-laboral-psicolog\u00eda-1024x1024.jpg 1024w, https:\/\/arroyitoonline.com.ar\/wp-content\/uploads\/2020\/08\/propuesta-laboral-psicolog\u00eda-300x300.jpg 300w, https:\/\/arroyitoonline.com.ar\/wp-content\/uploads\/2020\/08\/propuesta-laboral-psicolog\u00eda-150x150.jpg 150w, https:\/\/arroyitoonline.com.ar\/wp-content\/uploads\/2020\/08\/propuesta-laboral-psicolog\u00eda-768x768.jpg 768w, https:\/\/arroyitoonline.com.ar\/wp-content\/uploads\/2020\/08\/propuesta-laboral-psicolog\u00eda.jpg 1280w\" sizes=\"auto, (max-width: 1024px) 100vw, 1024px\" \/><\/figure>\n\n\n\n<p><strong>Requisitos:<\/strong><br>\u2022<strong>&nbsp;Profesional del \u00e1rea Psicolog\u00eda. Especializaci\u00f3n en adicciones<\/strong>&nbsp;o experiencia en el tratamiento de pacientes con esta patolog\u00eda.<br>\u2022 La carga horaria es de<strong>&nbsp;seis (6) horas semanales<\/strong>&nbsp;y la residencia debe ser en esta ciudad.<\/p>\n\n\n\n<p><strong>Tareas asignadas:<\/strong>&nbsp;brindar asistencia en el proceso de recuperaci\u00f3n de pacientes con trastornos de consumo de sustancias y consumo problem\u00e1tico, adem\u00e1s de otras que requiera el CAs Arroyito, determinadas por esa Direcci\u00f3n.<\/p>\n\n\n\n<p>Es primordial su participaci\u00f3n, como todo el equipo del CAs, en las diferentes capacitaciones que brinda la Secretaria de Prevenci\u00f3n y Asistencia de las Adicciones de la Provincia de C\u00f3rdoba y Sedronar.<\/p>\n\n\n\n<p><strong>Enviar curr\u00edculum a los siguientes emails:&nbsp;<\/strong><a href=\"mailto:p.musso@municipioarroyito.gob.ar\">p.musso@municipioarroyito.gob.ar<\/a> <a href=\"mailto:c.oberto@municipioarroyito.gob.ar\">c.oberto@municipioarroyito.gob.ar<\/a><\/p>\n\n\n\n<p>Desde la gesti\u00f3n de Gustavo Benedetti&nbsp;<em><strong>&#8220;apostamos por la igualdad de oportunidades y por el trabajo profesional&#8221;<\/strong><\/em>, en cada una de las \u00e1reas.<\/p>\n\n\n\n<p>Fuente: Comunicaci\u00f3n y Protocolo del Gobierno Municipal. <\/p>\n","protected":false},"excerpt":{"rendered":"<p>El o la profesional debe tener especializaci\u00f3n en adicciones o experiencia en el tratamiento de pacientes con esta patolog\u00eda. Con&hellip;<\/p>\n","protected":false},"author":3,"featured_media":9944,"comment_status":"closed","ping_status":"open","sticky":false,"template":"","format":"standard","meta":{"footnotes":""},"categories":[1106],"tags":[66,67,836,136,1168,572,661,768],"class_list":["post-9940","post","type-post","status-publish","format-standard","has-post-thumbnail","hentry","category-trabajo","tag-arroyito","tag-arroyito-cordoba","tag-arroyito-online","tag-busqueda-laboral","tag-direccion-de-adicciones","tag-noticias-de-arroyito-y-zona","tag-psicologia","tag-trabajo"],"_links":{"self":[{"href":"https:\/\/arroyitoonline.com.ar\/index.php?rest_route=\/wp\/v2\/posts\/9940","targetHints":{"allow":["GET"]}}],"collection":[{"href":"https:\/\/arroyitoonline.com.ar\/index.php?rest_route=\/wp\/v2\/posts"}],"about":[{"href":"https:\/\/arroyitoonline.com.ar\/index.php?rest_route=\/wp\/v2\/types\/post"}],"author":[{"embeddable":true,"href":"https:\/\/arroyitoonline.com.ar\/index.php?rest_route=\/wp\/v2\/users\/3"}],"replies":[{"embeddable":true,"href":"https:\/\/arroyitoonline.com.ar\/index.php?rest_route=%2Fwp%2Fv2%2Fcomments&post=9940"}],"version-history":[{"count":2,"href":"https:\/\/arroyitoonline.com.ar\/index.php?rest_route=\/wp\/v2\/posts\/9940\/revisions"}],"predecessor-version":[{"id":9945,"href":"https:\/\/arroyitoonline.com.ar\/index.php?rest_route=\/wp\/v2\/posts\/9940\/revisions\/9945"}],"wp:featuredmedia":[{"embeddable":true,"href":"https:\/\/arroyitoonline.com.ar\/index.php?rest_route=\/wp\/v2\/media\/9944"}],"wp:attachment":[{"href":"https:\/\/arroyitoonline.com.ar\/index.php?rest_route=%2Fwp%2Fv2%2Fmedia&parent=9940"}],"wp:term":[{"taxonomy":"category","embeddable":true,"href":"https:\/\/arroyitoonline.com.ar\/index.php?rest_route=%2Fwp%2Fv2%2Fcategories&post=9940"},{"taxonomy":"post_tag","embeddable":true,"href":"https:\/\/arroyitoonline.com.ar\/index.php?rest_route=%2Fwp%2Fv2%2Ftags&post=9940"}],"curies":[{"name":"wp","href":"https:\/\/api.w.org\/{rel}","templated":true}]}}