{"id":9950,"date":"2020-08-28T02:45:31","date_gmt":"2020-08-28T02:45:31","guid":{"rendered":"https:\/\/arroyitoonline.com.ar\/?p=9950"},"modified":"2020-08-28T02:48:07","modified_gmt":"2020-08-28T02:48:07","slug":"juanjo-ceccon-presenta-su-universo-solidario-un-show-streaming-para-ayudar-en-tiempos-de-pandemia","status":"publish","type":"post","link":"https:\/\/arroyitoonline.com.ar\/?p=9950","title":{"rendered":"Juanjo Cecc\u00f3n presenta su Universo Solidario: un show streaming para ayudar en tiempos de pandemia"},"content":{"rendered":"\n<p><strong>Ser\u00e1 este domingo a las 18:00 horas, por el canal de You Tube del m\u00fasico de Arroyito. Tendr\u00e1 invitados de diferentes provincias. <\/strong><\/p>\n\n\n\n<p>El m\u00fasico de Arroyito, Juanjo Cecc\u00f3n, presenta un especial dedicado a toda la familia, desde Rafaela, junto a invitados de diferentes provincias. El evento est\u00e1 destinado a la colaboraci\u00f3n con comedores y hogares de todo el pa\u00eds. <\/p>\n\n\n\n<p>La cita es este domingo 30 de agosto, a las 18:00 horas por su canal de YouTube (JUANJO CECC\u00d3N). Mientras ves el show streaming, pod\u00e9s acercar tu donaci\u00f3n: alimento no perecedero, juguete en buen estado, manta de abrigo y ropa, al medio que colabore en tu ciudad. <\/p>\n\n\n\n<figure class=\"wp-block-image size-large\"><img loading=\"lazy\" decoding=\"async\" width=\"1024\" height=\"1024\" src=\"https:\/\/arroyitoonline.com.ar\/wp-content\/uploads\/2020\/08\/universo-solidario-1024x1024.jpg\" alt=\"\" class=\"wp-image-9951\" srcset=\"https:\/\/arroyitoonline.com.ar\/wp-content\/uploads\/2020\/08\/universo-solidario-1024x1024.jpg 1024w, https:\/\/arroyitoonline.com.ar\/wp-content\/uploads\/2020\/08\/universo-solidario-300x300.jpg 300w, https:\/\/arroyitoonline.com.ar\/wp-content\/uploads\/2020\/08\/universo-solidario-150x150.jpg 150w, https:\/\/arroyitoonline.com.ar\/wp-content\/uploads\/2020\/08\/universo-solidario-768x768.jpg 768w, https:\/\/arroyitoonline.com.ar\/wp-content\/uploads\/2020\/08\/universo-solidario.jpg 1080w\" sizes=\"auto, (max-width: 1024px) 100vw, 1024px\" \/><figcaption><em>Juanjo Cecc\u00f3n propone un show streaming solidario, cerrando el mes de la ni\u00f1ez.<\/em><\/figcaption><\/figure>\n\n\n\n<p>Adem\u00e1s del autor de <em>Antih\u00e9roe<\/em> est\u00e1r\u00e1n: de Entre R\u00edos, El Payaso Oreste, Cartoncito y Juli Zalazar (a\u00e9reos); de Chaco, los m\u00fasicos de Tierra Verde, Juntos y Coquetos y la odont\u00f3loga Mirna Kasmer; y de Buenos Aires, el campe\u00f3n mundial de Freestyle (juegos con pelota de f\u00fatbol), Charly I\u00e1cono. <\/p>\n\n\n\n<figure><iframe loading=\"lazy\" src=\"https:\/\/www.facebook.com\/plugins\/video.php?href=https%3A%2F%2Fwww.facebook.com%2Fjuanjoceccon%2Fvideos%2F10158568748619110%2F&amp;show_text=0&amp;width=380\" width=\"380\" height=\"476\" allowfullscreen=\"true\"><\/iframe><\/figure>\n\n\n\n<p><em>\u201cPandemia&#8230; Un universo paralelo con todos sus colores, inclusiones, aromas, luces y pesares. Pandemia\u2026 Enfermedad epid\u00e9mica que se extiende a muchos pa\u00edses que suele atacar a todos los individuos de una regi\u00f3n. Me pregunto \u00bfQue pasar\u00eda mientras transcurre todo, si esto no hace que nuestro universo nos redacte con sus se\u00f1ales y mayor notoriedad un verdadero significado a todo lo que somos? Y entonces, me encuentro aprendiendo de esta pandemia en mi gran universo ni mejor ni peor a como ser en la acci\u00f3n. \u00a1Ser!\u201d<\/em>, expres\u00f3 Juanjo, a trav\u00e9s de un comunicado a modo de invitaci\u00f3n al evento.<\/p>\n\n\n\n<p>Y propuso <em>\u201cque el 30 de agosto estemos vos y yo en la peque\u00f1a acci\u00f3n. Y que, el conjunto de estas peque\u00f1as acciones, se extienda como la misma pandemia en su definici\u00f3n. Ense\u00f1\u00e1ndonos a dar y pedir, y tambi\u00e9n a que nos cuidemos un poco mejor\u201d<\/em>.<\/p>\n\n\n\n<p><em>&#8220;\u00a1Es esa sonrisa que nos debemos cada uno desde su interior para que ese ni\u00f1o que hoy somos todos, pueda agradecer que una pandemia nos ense\u00f1\u00f3! Aprendiendo&#8221;<\/em>, cerr\u00f3 el cantautor, que, por estos d\u00edas, trabaja tiempo completo en su segundo disco, <em>Sinfon\u00edas<\/em>.<\/p>\n","protected":false},"excerpt":{"rendered":"<p>Ser\u00e1 este domingo a las 18:00 horas, por el canal de You Tube del m\u00fasico de Arroyito. Tendr\u00e1 invitados de&hellip;<\/p>\n","protected":false},"author":3,"featured_media":8092,"comment_status":"closed","ping_status":"open","sticky":false,"template":"","format":"standard","meta":{"footnotes":""},"categories":[826,860],"tags":[66,67,836,351,862,472,559,570,572],"class_list":["post-9950","post","type-post","status-publish","format-standard","has-post-thumbnail","hentry","category-espectaculos-online","category-solidaridad-online","tag-arroyito","tag-arroyito-cordoba","tag-arroyito-online","tag-espectaculos","tag-espectaculos-online","tag-juanjo-ceccon","tag-musica","tag-ninez","tag-noticias-de-arroyito-y-zona"],"_links":{"self":[{"href":"https:\/\/arroyitoonline.com.ar\/index.php?rest_route=\/wp\/v2\/posts\/9950","targetHints":{"allow":["GET"]}}],"collection":[{"href":"https:\/\/arroyitoonline.com.ar\/index.php?rest_route=\/wp\/v2\/posts"}],"about":[{"href":"https:\/\/arroyitoonline.com.ar\/index.php?rest_route=\/wp\/v2\/types\/post"}],"author":[{"embeddable":true,"href":"https:\/\/arroyitoonline.com.ar\/index.php?rest_route=\/wp\/v2\/users\/3"}],"replies":[{"embeddable":true,"href":"https:\/\/arroyitoonline.com.ar\/index.php?rest_route=%2Fwp%2Fv2%2Fcomments&post=9950"}],"version-history":[{"count":2,"href":"https:\/\/arroyitoonline.com.ar\/index.php?rest_route=\/wp\/v2\/posts\/9950\/revisions"}],"predecessor-version":[{"id":9954,"href":"https:\/\/arroyitoonline.com.ar\/index.php?rest_route=\/wp\/v2\/posts\/9950\/revisions\/9954"}],"wp:featuredmedia":[{"embeddable":true,"href":"https:\/\/arroyitoonline.com.ar\/index.php?rest_route=\/wp\/v2\/media\/8092"}],"wp:attachment":[{"href":"https:\/\/arroyitoonline.com.ar\/index.php?rest_route=%2Fwp%2Fv2%2Fmedia&parent=9950"}],"wp:term":[{"taxonomy":"category","embeddable":true,"href":"https:\/\/arroyitoonline.com.ar\/index.php?rest_route=%2Fwp%2Fv2%2Fcategories&post=9950"},{"taxonomy":"post_tag","embeddable":true,"href":"https:\/\/arroyitoonline.com.ar\/index.php?rest_route=%2Fwp%2Fv2%2Ftags&post=9950"}],"curies":[{"name":"wp","href":"https:\/\/api.w.org\/{rel}","templated":true}]}}