{"id":9955,"date":"2020-08-28T03:11:44","date_gmt":"2020-08-28T03:11:44","guid":{"rendered":"https:\/\/arroyitoonline.com.ar\/?p=9955"},"modified":"2020-08-28T03:11:47","modified_gmt":"2020-08-28T03:11:47","slug":"partio-una-dotacion-de-bomberos-locales-para-sumarse-a-la-extincion-del-incendio-en-el-pan-de-azucar","status":"publish","type":"post","link":"https:\/\/arroyitoonline.com.ar\/?p=9955","title":{"rendered":"Parti\u00f3 una dotaci\u00f3n de bomberos locales para sumarse a la extinci\u00f3n del incendio en el Pan de Az\u00facar"},"content":{"rendered":"\n<p><strong>Se trata del cuarto grupo enviado en esta temporada. Adem\u00e1s, la honorable comisi\u00f3n directiva compr\u00f3 una conservadora, un anafe y diversos elementos de rancho.<\/strong><\/p>\n\n\n\n<p>Siguiendo la complicada situaci\u00f3n de incendios forestales en la provincia, estando activos hasta el momento los de Valle Hermoso, Capilla del Monte y Pan de Az\u00facar, es que el cuartel local fue activado de nuevo el mi\u00e9rcoles, solicit\u00e1ndose personal para el incendio de Pan de Az\u00facar.<\/p>\n\n\n\n<p>Por este motivo, en horas de la madrugada del jueves, una dotaci\u00f3n de bomberos a cargo del suboficial Principal BV Arnaldo Cabrera, integrada por el cabo BV Elcides Schott, BV\u00a0Romina Cabrera y BV Sof\u00eda Budassi, parti\u00f3 hacia la localidad de Bialet Mass\u00e9, para sumarse al trabajo de extinci\u00f3n en inmediaciones de esa ciudad.<\/p>\n\n\n\n<p>Es, hasta el momento, la cuarta dotaci\u00f3n de nuestra ciudad que env\u00edan en la temporada, estando aprestos y preparando la log\u00edstica necesaria para los posibles futuros recambios.<\/p>\n\n\n\n<p><em>Adquisici\u00f3n de Insumos log\u00edsticos<\/em><\/p>\n\n\n\n<p>El mi\u00e9rcoles, previo a la partida de un nuevo grupo de bomberos hacia la zona de las sierras, la honorable comisi\u00f3n directiva de Asociaci\u00f3n Bomberos Voluntarios de Arroyito realiz\u00f3 la compra de una conservadora, un anafe y diversos elementos de rancho.<\/p>\n\n\n\n<figure class=\"wp-block-image size-large\"><img loading=\"lazy\" decoding=\"async\" width=\"788\" height=\"443\" src=\"https:\/\/arroyitoonline.com.ar\/wp-content\/uploads\/2020\/08\/insumos-de-log\u00edstica-bomberos.jpg\" alt=\"\" class=\"wp-image-9957\" srcset=\"https:\/\/arroyitoonline.com.ar\/wp-content\/uploads\/2020\/08\/insumos-de-log\u00edstica-bomberos.jpg 788w, https:\/\/arroyitoonline.com.ar\/wp-content\/uploads\/2020\/08\/insumos-de-log\u00edstica-bomberos-300x169.jpg 300w, https:\/\/arroyitoonline.com.ar\/wp-content\/uploads\/2020\/08\/insumos-de-log\u00edstica-bomberos-768x432.jpg 768w\" sizes=\"auto, (max-width: 788px) 100vw, 788px\" \/><\/figure>\n\n\n\n<p>Es para que sean utilizados en futuras intervenciones de este tipo; brindando as\u00ed una mejor organizaci\u00f3n del equipamiento y herramientas, as\u00ed como tambi\u00e9n garantizando una experiencia m\u00e1s amena para los miembros del Cuerpo Activo, que se desplacen por varios d\u00edas hacia las zonas de incendios.<\/p>\n\n\n\n<p><em>\u201cSeguimos sumando equipos e insumos pensando en el bienestar de nuestro personal y en un mejor servicio para nuestra comunidad y provincia\u201d<\/em>, dijeron desde la comisi\u00f3n.<\/p>\n","protected":false},"excerpt":{"rendered":"<p>Se trata del cuarto grupo enviado en esta temporada. Adem\u00e1s, la honorable comisi\u00f3n directiva compr\u00f3 una conservadora, un anafe y&hellip;<\/p>\n","protected":false},"author":3,"featured_media":9956,"comment_status":"closed","ping_status":"open","sticky":false,"template":"","format":"standard","meta":{"footnotes":""},"categories":[900],"tags":[66,67,836,127,128,129,435,572],"class_list":["post-9955","post","type-post","status-publish","format-standard","has-post-thumbnail","hentry","category-noticias","tag-arroyito","tag-arroyito-cordoba","tag-arroyito-online","tag-bomberos-arroyito","tag-bomberos-de-arroyito","tag-bomberos-voluntarios","tag-incendio","tag-noticias-de-arroyito-y-zona"],"_links":{"self":[{"href":"https:\/\/arroyitoonline.com.ar\/index.php?rest_route=\/wp\/v2\/posts\/9955","targetHints":{"allow":["GET"]}}],"collection":[{"href":"https:\/\/arroyitoonline.com.ar\/index.php?rest_route=\/wp\/v2\/posts"}],"about":[{"href":"https:\/\/arroyitoonline.com.ar\/index.php?rest_route=\/wp\/v2\/types\/post"}],"author":[{"embeddable":true,"href":"https:\/\/arroyitoonline.com.ar\/index.php?rest_route=\/wp\/v2\/users\/3"}],"replies":[{"embeddable":true,"href":"https:\/\/arroyitoonline.com.ar\/index.php?rest_route=%2Fwp%2Fv2%2Fcomments&post=9955"}],"version-history":[{"count":1,"href":"https:\/\/arroyitoonline.com.ar\/index.php?rest_route=\/wp\/v2\/posts\/9955\/revisions"}],"predecessor-version":[{"id":9958,"href":"https:\/\/arroyitoonline.com.ar\/index.php?rest_route=\/wp\/v2\/posts\/9955\/revisions\/9958"}],"wp:featuredmedia":[{"embeddable":true,"href":"https:\/\/arroyitoonline.com.ar\/index.php?rest_route=\/wp\/v2\/media\/9956"}],"wp:attachment":[{"href":"https:\/\/arroyitoonline.com.ar\/index.php?rest_route=%2Fwp%2Fv2%2Fmedia&parent=9955"}],"wp:term":[{"taxonomy":"category","embeddable":true,"href":"https:\/\/arroyitoonline.com.ar\/index.php?rest_route=%2Fwp%2Fv2%2Fcategories&post=9955"},{"taxonomy":"post_tag","embeddable":true,"href":"https:\/\/arroyitoonline.com.ar\/index.php?rest_route=%2Fwp%2Fv2%2Ftags&post=9955"}],"curies":[{"name":"wp","href":"https:\/\/api.w.org\/{rel}","templated":true}]}}