{"id":9963,"date":"2020-09-01T13:28:11","date_gmt":"2020-09-01T13:28:11","guid":{"rendered":"https:\/\/arroyitoonline.com.ar\/?p=9963"},"modified":"2020-09-01T13:28:13","modified_gmt":"2020-09-01T13:28:13","slug":"el-gobierno-municipal-adhirio-a-la-campana-nacional-1-millon-de-arboles","status":"publish","type":"post","link":"https:\/\/arroyitoonline.com.ar\/?p=9963","title":{"rendered":"El Gobierno Municipal adhiri\u00f3 a la Campa\u00f1a Nacional &#8220;1 Mill\u00f3n de \u00c1rboles&#8221;"},"content":{"rendered":"\n<p><strong>El objetivo es la plantaci\u00f3n de 1000 \u00e1rboles anuales para que se alcance la infraestructura verde necesaria de 10 metros cuadrados por habitante.<\/strong><\/p>\n\n\n\n<p>El intendente Gustavo Benedetti adhiere a la Campa\u00f1a Nacional \u201c1 Mill\u00f3n de \u00c1rboles\u201d, cuyo objetivo es la regeneraci\u00f3n de la Naturaleza a trav\u00e9s de la plantaci\u00f3n, adopci\u00f3n y donaci\u00f3n de \u00e1rboles, as\u00ed como la conservaci\u00f3n y restauraci\u00f3n de los bosques nativos y urbanos.<\/p>\n\n\n\n<figure class=\"wp-block-image size-large\"><img loading=\"lazy\" decoding=\"async\" width=\"1024\" height=\"1024\" src=\"https:\/\/arroyitoonline.com.ar\/wp-content\/uploads\/2020\/09\/un-millon-de-arboles-1024x1024.jpg\" alt=\"\" class=\"wp-image-9964\" srcset=\"https:\/\/arroyitoonline.com.ar\/wp-content\/uploads\/2020\/09\/un-millon-de-arboles-1024x1024.jpg 1024w, https:\/\/arroyitoonline.com.ar\/wp-content\/uploads\/2020\/09\/un-millon-de-arboles-300x300.jpg 300w, https:\/\/arroyitoonline.com.ar\/wp-content\/uploads\/2020\/09\/un-millon-de-arboles-150x150.jpg 150w, https:\/\/arroyitoonline.com.ar\/wp-content\/uploads\/2020\/09\/un-millon-de-arboles-768x768.jpg 768w, https:\/\/arroyitoonline.com.ar\/wp-content\/uploads\/2020\/09\/un-millon-de-arboles-1536x1536.jpg 1536w, https:\/\/arroyitoonline.com.ar\/wp-content\/uploads\/2020\/09\/un-millon-de-arboles-scaled.jpg 2048w\" sizes=\"auto, (max-width: 1024px) 100vw, 1024px\" \/><\/figure>\n\n\n\n<p>Adem\u00e1s, el Gobierno Municipal present\u00f3 un Plan de Forestaci\u00f3n, a la Secretar\u00eda de Ambiente de la Provincia de C\u00f3rdoba, a trav\u00e9s del cual adhiere a los programas de forestaci\u00f3n provinciales y obtiene una donaci\u00f3n de 280 \u00e1rboles para el desarrollo del plan.<\/p>\n\n\n\n<p>En este sentido, el fin es la plantaci\u00f3n de 1000 \u00e1rboles anuales para que se alcance la infraestructura verde necesaria de 10 metros cuadrados por habitante.<\/p>\n\n\n\n<p>Fuente: Comunicaci\u00f3n y Protocolo del Gobierno Municipal. <\/p>\n","protected":false},"excerpt":{"rendered":"<p>El objetivo es la plantaci\u00f3n de 1000 \u00e1rboles anuales para que se alcance la infraestructura verde necesaria de 10 metros&hellip;<\/p>\n","protected":false},"author":3,"featured_media":9965,"comment_status":"closed","ping_status":"open","sticky":false,"template":"","format":"standard","meta":{"footnotes":""},"categories":[913],"tags":[58,66,67,836,258,1102,528,572],"class_list":["post-9963","post","type-post","status-publish","format-standard","has-post-thumbnail","hentry","category-medio-ambiente","tag-arboles","tag-arroyito","tag-arroyito-cordoba","tag-arroyito-online","tag-cuidado-del-medio-ambiente","tag-gobierno-municipal","tag-medio-ambiente","tag-noticias-de-arroyito-y-zona"],"_links":{"self":[{"href":"https:\/\/arroyitoonline.com.ar\/index.php?rest_route=\/wp\/v2\/posts\/9963","targetHints":{"allow":["GET"]}}],"collection":[{"href":"https:\/\/arroyitoonline.com.ar\/index.php?rest_route=\/wp\/v2\/posts"}],"about":[{"href":"https:\/\/arroyitoonline.com.ar\/index.php?rest_route=\/wp\/v2\/types\/post"}],"author":[{"embeddable":true,"href":"https:\/\/arroyitoonline.com.ar\/index.php?rest_route=\/wp\/v2\/users\/3"}],"replies":[{"embeddable":true,"href":"https:\/\/arroyitoonline.com.ar\/index.php?rest_route=%2Fwp%2Fv2%2Fcomments&post=9963"}],"version-history":[{"count":1,"href":"https:\/\/arroyitoonline.com.ar\/index.php?rest_route=\/wp\/v2\/posts\/9963\/revisions"}],"predecessor-version":[{"id":9966,"href":"https:\/\/arroyitoonline.com.ar\/index.php?rest_route=\/wp\/v2\/posts\/9963\/revisions\/9966"}],"wp:featuredmedia":[{"embeddable":true,"href":"https:\/\/arroyitoonline.com.ar\/index.php?rest_route=\/wp\/v2\/media\/9965"}],"wp:attachment":[{"href":"https:\/\/arroyitoonline.com.ar\/index.php?rest_route=%2Fwp%2Fv2%2Fmedia&parent=9963"}],"wp:term":[{"taxonomy":"category","embeddable":true,"href":"https:\/\/arroyitoonline.com.ar\/index.php?rest_route=%2Fwp%2Fv2%2Fcategories&post=9963"},{"taxonomy":"post_tag","embeddable":true,"href":"https:\/\/arroyitoonline.com.ar\/index.php?rest_route=%2Fwp%2Fv2%2Ftags&post=9963"}],"curies":[{"name":"wp","href":"https:\/\/api.w.org\/{rel}","templated":true}]}}