{"id":9967,"date":"2020-09-01T13:53:29","date_gmt":"2020-09-01T13:53:29","guid":{"rendered":"https:\/\/arroyitoonline.com.ar\/?p=9967"},"modified":"2020-09-01T13:53:32","modified_gmt":"2020-09-01T13:53:32","slug":"entregaron-premios-a-las-ganadoras-del-concurso-tu-arbol-favorito-de-actitud-eco","status":"publish","type":"post","link":"https:\/\/arroyitoonline.com.ar\/?p=9967","title":{"rendered":"Entregaron premios a las ganadoras del concurso Tu \u00e1rbol favorito, de Actitud Eco"},"content":{"rendered":"\n<p><strong>Hubo del ganadoras en Instagram y dos en Facebook. Las cuatro recibieron ejemplares de espinillos.<\/strong><\/p>\n\n\n\n<p>El viernes 28, la viceintendente Mar\u00eda Jos\u00e9 Esp\u00f3sito, la secretar\u00eda Privada, Claudia Oberto, el \u00e1rea de Ambiente y Energ\u00eda del Gobierno Municipal y la organizaci\u00f3n local Actitud Eco, <strong>entregaron los premios a las ganadoras del Concurso <em>\u201cFotograf\u00eda de tu \u00e1rbol favorito\u201d<\/em> organizado en la Semana del \u00c1rbol.<\/strong><\/p>\n\n\n\n<p><strong>Ganadoras de instagram:\u00a0<\/strong>Primer Premio, Mar\u00eda Victoria Marinaro y Segundo Premio, Victoria Pino.<\/p>\n\n\n\n<figure class=\"wp-block-image size-large\"><img loading=\"lazy\" decoding=\"async\" width=\"1024\" height=\"1024\" src=\"https:\/\/arroyitoonline.com.ar\/wp-content\/uploads\/2020\/09\/maria-victoria-marinaro-1024x1024-1-1024x1024.jpeg\" alt=\"\" class=\"wp-image-9970\" srcset=\"https:\/\/arroyitoonline.com.ar\/wp-content\/uploads\/2020\/09\/maria-victoria-marinaro-1024x1024-1.jpeg 1024w, https:\/\/arroyitoonline.com.ar\/wp-content\/uploads\/2020\/09\/maria-victoria-marinaro-1024x1024-1-300x300.jpeg 300w, https:\/\/arroyitoonline.com.ar\/wp-content\/uploads\/2020\/09\/maria-victoria-marinaro-1024x1024-1-150x150.jpeg 150w, https:\/\/arroyitoonline.com.ar\/wp-content\/uploads\/2020\/09\/maria-victoria-marinaro-1024x1024-1-768x768.jpeg 768w\" sizes=\"auto, (max-width: 1024px) 100vw, 1024px\" \/><figcaption><em>Primer Premio de Instagram: Mar\u00eda Victoria Marinaro<\/em><\/figcaption><\/figure>\n\n\n\n<figure class=\"wp-block-image size-large\"><img loading=\"lazy\" decoding=\"async\" width=\"1024\" height=\"1024\" src=\"https:\/\/arroyitoonline.com.ar\/wp-content\/uploads\/2020\/09\/victoria-Pino-1024x1024-1-1024x1024.jpeg\" alt=\"\" class=\"wp-image-9969\" srcset=\"https:\/\/arroyitoonline.com.ar\/wp-content\/uploads\/2020\/09\/victoria-Pino-1024x1024-1.jpeg 1024w, https:\/\/arroyitoonline.com.ar\/wp-content\/uploads\/2020\/09\/victoria-Pino-1024x1024-1-300x300.jpeg 300w, https:\/\/arroyitoonline.com.ar\/wp-content\/uploads\/2020\/09\/victoria-Pino-1024x1024-1-150x150.jpeg 150w, https:\/\/arroyitoonline.com.ar\/wp-content\/uploads\/2020\/09\/victoria-Pino-1024x1024-1-768x768.jpeg 768w\" sizes=\"auto, (max-width: 1024px) 100vw, 1024px\" \/><figcaption><em>Segundo Premio de Instagram: Victoria Pino<\/em><\/figcaption><\/figure>\n\n\n\n<p><strong>Ganadoras de Facebook.\u00a0<\/strong>Primer Premio, Victoria Godoy y Segundo Premio, Ludmila Bel\u00e9n Cepeda.<\/p>\n\n\n\n<figure class=\"wp-block-image size-large\"><img loading=\"lazy\" decoding=\"async\" width=\"1024\" height=\"1024\" src=\"https:\/\/arroyitoonline.com.ar\/wp-content\/uploads\/2020\/09\/Vitoria-Godoy-1024x1024-1-1024x1024.jpeg\" alt=\"\" class=\"wp-image-9971\" srcset=\"https:\/\/arroyitoonline.com.ar\/wp-content\/uploads\/2020\/09\/Vitoria-Godoy-1024x1024-1.jpeg 1024w, https:\/\/arroyitoonline.com.ar\/wp-content\/uploads\/2020\/09\/Vitoria-Godoy-1024x1024-1-300x300.jpeg 300w, https:\/\/arroyitoonline.com.ar\/wp-content\/uploads\/2020\/09\/Vitoria-Godoy-1024x1024-1-150x150.jpeg 150w, https:\/\/arroyitoonline.com.ar\/wp-content\/uploads\/2020\/09\/Vitoria-Godoy-1024x1024-1-768x768.jpeg 768w\" sizes=\"auto, (max-width: 1024px) 100vw, 1024px\" \/><figcaption><em>Primer Premio de Facebook: Victoria Godoy<\/em><\/figcaption><\/figure>\n\n\n\n<figure class=\"wp-block-image size-large\"><img loading=\"lazy\" decoding=\"async\" width=\"1024\" height=\"1024\" src=\"https:\/\/arroyitoonline.com.ar\/wp-content\/uploads\/2020\/09\/Ludmila-Belen-Cepeta-1024x1024-1-1024x1024.jpeg\" alt=\"\" class=\"wp-image-9972\" srcset=\"https:\/\/arroyitoonline.com.ar\/wp-content\/uploads\/2020\/09\/Ludmila-Belen-Cepeta-1024x1024-1.jpeg 1024w, https:\/\/arroyitoonline.com.ar\/wp-content\/uploads\/2020\/09\/Ludmila-Belen-Cepeta-1024x1024-1-300x300.jpeg 300w, https:\/\/arroyitoonline.com.ar\/wp-content\/uploads\/2020\/09\/Ludmila-Belen-Cepeta-1024x1024-1-150x150.jpeg 150w, https:\/\/arroyitoonline.com.ar\/wp-content\/uploads\/2020\/09\/Ludmila-Belen-Cepeta-1024x1024-1-768x768.jpeg 768w\" sizes=\"auto, (max-width: 1024px) 100vw, 1024px\" \/><figcaption><em>Segundo Premio de Facebook: Ludmila Bel\u00e9n Cepeda<\/em><\/figcaption><\/figure>\n\n\n\n<p>Desde la organizaci\u00f3n agradecen <em>&#8220;enormemente su participaci\u00f3n y el trabajo realizado&#8221;<\/em>.<\/p>\n\n\n\n<p>Apostando a la conciencia ambiental y al cuidado de los \u00e1rboles, todas las ganadoras recibieron ejemplares de espinillos.<\/p>\n\n\n\n<p>Fuente: Comunicaci\u00f3n y Protocolo del Gobierno Municipal. <\/p>\n","protected":false},"excerpt":{"rendered":"<p>Hubo del ganadoras en Instagram y dos en Facebook. Las cuatro recibieron ejemplares de espinillos. El viernes 28, la viceintendente&hellip;<\/p>\n","protected":false},"author":3,"featured_media":9968,"comment_status":"closed","ping_status":"open","sticky":false,"template":"","format":"standard","meta":{"footnotes":""},"categories":[913],"tags":[58,66,67,836,258,1102,528,556,572],"class_list":["post-9967","post","type-post","status-publish","format-standard","has-post-thumbnail","hentry","category-medio-ambiente","tag-arboles","tag-arroyito","tag-arroyito-cordoba","tag-arroyito-online","tag-cuidado-del-medio-ambiente","tag-gobierno-municipal","tag-medio-ambiente","tag-municipalidad-de-arroyito","tag-noticias-de-arroyito-y-zona"],"_links":{"self":[{"href":"https:\/\/arroyitoonline.com.ar\/index.php?rest_route=\/wp\/v2\/posts\/9967","targetHints":{"allow":["GET"]}}],"collection":[{"href":"https:\/\/arroyitoonline.com.ar\/index.php?rest_route=\/wp\/v2\/posts"}],"about":[{"href":"https:\/\/arroyitoonline.com.ar\/index.php?rest_route=\/wp\/v2\/types\/post"}],"author":[{"embeddable":true,"href":"https:\/\/arroyitoonline.com.ar\/index.php?rest_route=\/wp\/v2\/users\/3"}],"replies":[{"embeddable":true,"href":"https:\/\/arroyitoonline.com.ar\/index.php?rest_route=%2Fwp%2Fv2%2Fcomments&post=9967"}],"version-history":[{"count":1,"href":"https:\/\/arroyitoonline.com.ar\/index.php?rest_route=\/wp\/v2\/posts\/9967\/revisions"}],"predecessor-version":[{"id":9973,"href":"https:\/\/arroyitoonline.com.ar\/index.php?rest_route=\/wp\/v2\/posts\/9967\/revisions\/9973"}],"wp:featuredmedia":[{"embeddable":true,"href":"https:\/\/arroyitoonline.com.ar\/index.php?rest_route=\/wp\/v2\/media\/9968"}],"wp:attachment":[{"href":"https:\/\/arroyitoonline.com.ar\/index.php?rest_route=%2Fwp%2Fv2%2Fmedia&parent=9967"}],"wp:term":[{"taxonomy":"category","embeddable":true,"href":"https:\/\/arroyitoonline.com.ar\/index.php?rest_route=%2Fwp%2Fv2%2Fcategories&post=9967"},{"taxonomy":"post_tag","embeddable":true,"href":"https:\/\/arroyitoonline.com.ar\/index.php?rest_route=%2Fwp%2Fv2%2Ftags&post=9967"}],"curies":[{"name":"wp","href":"https:\/\/api.w.org\/{rel}","templated":true}]}}