{"id":9974,"date":"2020-09-01T14:54:23","date_gmt":"2020-09-01T14:54:23","guid":{"rendered":"https:\/\/arroyitoonline.com.ar\/?p=9974"},"modified":"2020-09-01T14:54:26","modified_gmt":"2020-09-01T14:54:26","slug":"el-municipio-adihirio-al-manual-de-gestion-responsable-de-productos-quimicos-o-biologicos-de-uso-agropecuario-y-promocion-agroforestal-en-areas-periurbanas","status":"publish","type":"post","link":"https:\/\/arroyitoonline.com.ar\/?p=9974","title":{"rendered":"El Municipio adihiri\u00f3 al \u201cManual de Gesti\u00f3n Responsable de Productos Qu\u00edmicos o Biol\u00f3gicos de uso agropecuario y Promoci\u00f3n Agroforestal en \u00e1reas Periurbanas&#8221;"},"content":{"rendered":"\n<p><strong>En este sentido, ya se comenz\u00f3 con la plantaci\u00f3n de cortinas forestales en sector sur.<\/strong><\/p>\n\n\n\n<p>Durante la Semana del \u00c1rbol, el intendente Gustavo Benedetti firm\u00f3 el convenio marco de colaboraci\u00f3n con el Ministerio de Agricultura de la Provincia de C\u00f3rdoba. <\/p>\n\n\n\n<p>De esta forma, el Municipio adhiri\u00f3 al <strong><em>\u201cManual de Gesti\u00f3n Responsable de Productos Qu\u00edmicos o Biol\u00f3gicos de uso agropecuario y Promoci\u00f3n Agroforestal en \u00e1reas Periurbanas&#8221;<\/em><\/strong>, lo cual fue autorizado por el Concejo Deliberante, a pedido del Ejecutivo.<\/p>\n\n\n\n<figure class=\"wp-block-image size-large\"><img loading=\"lazy\" decoding=\"async\" width=\"1024\" height=\"1024\" src=\"https:\/\/arroyitoonline.com.ar\/wp-content\/uploads\/2020\/09\/Convenio-Ministerio-de-Agricultura-1024x1024.jpeg\" alt=\"\" class=\"wp-image-9975\" srcset=\"https:\/\/arroyitoonline.com.ar\/wp-content\/uploads\/2020\/09\/Convenio-Ministerio-de-Agricultura-1024x1024.jpeg 1024w, https:\/\/arroyitoonline.com.ar\/wp-content\/uploads\/2020\/09\/Convenio-Ministerio-de-Agricultura-300x300.jpeg 300w, https:\/\/arroyitoonline.com.ar\/wp-content\/uploads\/2020\/09\/Convenio-Ministerio-de-Agricultura-150x150.jpeg 150w, https:\/\/arroyitoonline.com.ar\/wp-content\/uploads\/2020\/09\/Convenio-Ministerio-de-Agricultura-768x768.jpeg 768w, https:\/\/arroyitoonline.com.ar\/wp-content\/uploads\/2020\/09\/Convenio-Ministerio-de-Agricultura.jpeg 1280w\" sizes=\"auto, (max-width: 1024px) 100vw, 1024px\" \/><\/figure>\n\n\n\n<p>Este marco legal formaliza acciones que se vienen desarrollando desde el \u00e1rea de Ambiente y Energ\u00eda y la secretar\u00eda de Servicios P\u00fablicos. Implica la promoci\u00f3n de instrumentos para el cumplimiento de las Leyes de Agroqu\u00edmicos y Agroforestal. En este sentido, ya se comenz\u00f3 con la plantaci\u00f3n de cortinas forestales en sector sur.<\/p>\n\n\n\n<p>Fuente: Comunicaci\u00f3n y Protocolo del Gobierno Municipal.<\/p>\n","protected":false},"excerpt":{"rendered":"<p>En este sentido, ya se comenz\u00f3 con la plantaci\u00f3n de cortinas forestales en sector sur. Durante la Semana del \u00c1rbol,&hellip;<\/p>\n","protected":false},"author":3,"featured_media":9976,"comment_status":"closed","ping_status":"open","sticky":false,"template":"","format":"standard","meta":{"footnotes":""},"categories":[913],"tags":[58,66,67,836,258,1102,528,572],"class_list":["post-9974","post","type-post","status-publish","format-standard","has-post-thumbnail","hentry","category-medio-ambiente","tag-arboles","tag-arroyito","tag-arroyito-cordoba","tag-arroyito-online","tag-cuidado-del-medio-ambiente","tag-gobierno-municipal","tag-medio-ambiente","tag-noticias-de-arroyito-y-zona"],"_links":{"self":[{"href":"https:\/\/arroyitoonline.com.ar\/index.php?rest_route=\/wp\/v2\/posts\/9974","targetHints":{"allow":["GET"]}}],"collection":[{"href":"https:\/\/arroyitoonline.com.ar\/index.php?rest_route=\/wp\/v2\/posts"}],"about":[{"href":"https:\/\/arroyitoonline.com.ar\/index.php?rest_route=\/wp\/v2\/types\/post"}],"author":[{"embeddable":true,"href":"https:\/\/arroyitoonline.com.ar\/index.php?rest_route=\/wp\/v2\/users\/3"}],"replies":[{"embeddable":true,"href":"https:\/\/arroyitoonline.com.ar\/index.php?rest_route=%2Fwp%2Fv2%2Fcomments&post=9974"}],"version-history":[{"count":1,"href":"https:\/\/arroyitoonline.com.ar\/index.php?rest_route=\/wp\/v2\/posts\/9974\/revisions"}],"predecessor-version":[{"id":9977,"href":"https:\/\/arroyitoonline.com.ar\/index.php?rest_route=\/wp\/v2\/posts\/9974\/revisions\/9977"}],"wp:featuredmedia":[{"embeddable":true,"href":"https:\/\/arroyitoonline.com.ar\/index.php?rest_route=\/wp\/v2\/media\/9976"}],"wp:attachment":[{"href":"https:\/\/arroyitoonline.com.ar\/index.php?rest_route=%2Fwp%2Fv2%2Fmedia&parent=9974"}],"wp:term":[{"taxonomy":"category","embeddable":true,"href":"https:\/\/arroyitoonline.com.ar\/index.php?rest_route=%2Fwp%2Fv2%2Fcategories&post=9974"},{"taxonomy":"post_tag","embeddable":true,"href":"https:\/\/arroyitoonline.com.ar\/index.php?rest_route=%2Fwp%2Fv2%2Ftags&post=9974"}],"curies":[{"name":"wp","href":"https:\/\/api.w.org\/{rel}","templated":true}]}}